{"id":9018,"date":"2024-07-15T13:58:21","date_gmt":"2024-07-15T18:58:21","guid":{"rendered":"https:\/\/www.radiointeractivo.com.mx\/?p=9018"},"modified":"2024-07-15T13:58:22","modified_gmt":"2024-07-15T18:58:22","slug":"realizan-jornada-de-vacunacion-para-proteger-a-los-adultos-mayores","status":"publish","type":"post","link":"https:\/\/www.radiointeractivo.com.mx\/?p=9018","title":{"rendered":"REALIZAN JORNADA DE VACUNACI\u00d3N PARA PROTEGER A LOS ADULTOS MAYORES"},"content":{"rendered":"\n<figure class=\"wp-block-image size-large\"><img loading=\"lazy\" decoding=\"async\" width=\"1024\" height=\"682\" src=\"https:\/\/www.radiointeractivo.com.mx\/wp-content\/uploads\/2024\/07\/WhatsApp-Image-2024-07-15-at-1.55.01-PM-1024x682.jpeg\" alt=\"\" class=\"wp-image-9019\" srcset=\"https:\/\/www.radiointeractivo.com.mx\/wp-content\/uploads\/2024\/07\/WhatsApp-Image-2024-07-15-at-1.55.01-PM-1024x682.jpeg 1024w, https:\/\/www.radiointeractivo.com.mx\/wp-content\/uploads\/2024\/07\/WhatsApp-Image-2024-07-15-at-1.55.01-PM-300x200.jpeg 300w, https:\/\/www.radiointeractivo.com.mx\/wp-content\/uploads\/2024\/07\/WhatsApp-Image-2024-07-15-at-1.55.01-PM-768x512.jpeg 768w, https:\/\/www.radiointeractivo.com.mx\/wp-content\/uploads\/2024\/07\/WhatsApp-Image-2024-07-15-at-1.55.01-PM-310x205.jpeg 310w, https:\/\/www.radiointeractivo.com.mx\/wp-content\/uploads\/2024\/07\/WhatsApp-Image-2024-07-15-at-1.55.01-PM.jpeg 1280w\" sizes=\"auto, (max-width: 1024px) 100vw, 1024px\" \/><\/figure>\n\n\n\n<p>Por: Staff | #NuevoLaredo #Laredo #NLD #Tamaulipas<\/p>\n\n\n\n<p>M\u00e1s de 150 adultos mayores fueron atendidos durante la Jornada de Salud del Sistema DIF y la Jurisdicci\u00f3n Sanitaria 5, en la Casa Club del Adulto Activo y el Asilo Vida y Esperanza.<\/p>\n\n\n\n<p>Se administraron vacunas contra neumococo, influenza y COVID-19, adem\u00e1s de proporcionar atenci\u00f3n para diagnosticar osteoporosis,con densitometrias; asi como la presi\u00f3n arterial y los niveles de glucosa a los asistentes.<\/p>\n\n\n\n<p>Esta iniciativa tiene como objetivo fomentar la salud preventiva y garantizar que las personas mayores de 60 a\u00f1os cuenten con las medidas necesarias para protegerse contra diversas enfermedades.<\/p>\n","protected":false},"excerpt":{"rendered":"<p>Por: Staff | #NuevoLaredo #Laredo #NLD #Tamaulipas M\u00e1s de 150 adultos mayores fueron atendidos durante la Jornada de Salud del Sistema DIF y la Jurisdicci\u00f3n Sanitaria 5, en la Casa Club del Adulto Activo y el Asilo Vida y Esperanza. Se administraron vacunas contra neumococo, influenza y COVID-19, adem\u00e1s de proporcionar atenci\u00f3n para diagnosticar osteoporosis,con &hellip;<\/p>\n","protected":false},"author":1,"featured_media":9020,"comment_status":"open","ping_status":"open","sticky":false,"template":"","format":"standard","meta":{"footnotes":""},"categories":[38],"tags":[],"class_list":["post-9018","post","type-post","status-publish","format-standard","has-post-thumbnail","","category-nuevo-laredo"],"_links":{"self":[{"href":"https:\/\/www.radiointeractivo.com.mx\/index.php?rest_route=\/wp\/v2\/posts\/9018","targetHints":{"allow":["GET"]}}],"collection":[{"href":"https:\/\/www.radiointeractivo.com.mx\/index.php?rest_route=\/wp\/v2\/posts"}],"about":[{"href":"https:\/\/www.radiointeractivo.com.mx\/index.php?rest_route=\/wp\/v2\/types\/post"}],"author":[{"embeddable":true,"href":"https:\/\/www.radiointeractivo.com.mx\/index.php?rest_route=\/wp\/v2\/users\/1"}],"replies":[{"embeddable":true,"href":"https:\/\/www.radiointeractivo.com.mx\/index.php?rest_route=%2Fwp%2Fv2%2Fcomments&post=9018"}],"version-history":[{"count":1,"href":"https:\/\/www.radiointeractivo.com.mx\/index.php?rest_route=\/wp\/v2\/posts\/9018\/revisions"}],"predecessor-version":[{"id":9021,"href":"https:\/\/www.radiointeractivo.com.mx\/index.php?rest_route=\/wp\/v2\/posts\/9018\/revisions\/9021"}],"wp:featuredmedia":[{"embeddable":true,"href":"https:\/\/www.radiointeractivo.com.mx\/index.php?rest_route=\/wp\/v2\/media\/9020"}],"wp:attachment":[{"href":"https:\/\/www.radiointeractivo.com.mx\/index.php?rest_route=%2Fwp%2Fv2%2Fmedia&parent=9018"}],"wp:term":[{"taxonomy":"category","embeddable":true,"href":"https:\/\/www.radiointeractivo.com.mx\/index.php?rest_route=%2Fwp%2Fv2%2Fcategories&post=9018"},{"taxonomy":"post_tag","embeddable":true,"href":"https:\/\/www.radiointeractivo.com.mx\/index.php?rest_route=%2Fwp%2Fv2%2Ftags&post=9018"}],"curies":[{"name":"wp","href":"https:\/\/api.w.org\/{rel}","templated":true}]}}