{"id":8981,"date":"2024-07-13T14:00:18","date_gmt":"2024-07-13T19:00:18","guid":{"rendered":"https:\/\/www.radiointeractivo.com.mx\/?p=8981"},"modified":"2024-07-13T14:00:22","modified_gmt":"2024-07-13T19:00:22","slug":"se-divierten-ninos-y-adultos-con-tarde-social-une-en-el-zoologico-de-nuevo-laredo","status":"publish","type":"post","link":"https:\/\/www.radiointeractivo.com.mx\/?p=8981","title":{"rendered":"SE DIVIERTEN NI\u00d1OS Y ADULTOS CON \u201cTARDE SOCIAL UNE\u201d EN EL ZOOL\u00d3GICO DE NUEVO LAREDO"},"content":{"rendered":"\n<figure class=\"wp-block-image size-large\"><img loading=\"lazy\" decoding=\"async\" width=\"1024\" height=\"682\" src=\"https:\/\/www.radiointeractivo.com.mx\/wp-content\/uploads\/2024\/07\/WhatsApp-Image-2024-07-13-at-1.57.34-PM-1024x682.jpeg\" alt=\"\" class=\"wp-image-8982\" srcset=\"https:\/\/www.radiointeractivo.com.mx\/wp-content\/uploads\/2024\/07\/WhatsApp-Image-2024-07-13-at-1.57.34-PM-1024x682.jpeg 1024w, https:\/\/www.radiointeractivo.com.mx\/wp-content\/uploads\/2024\/07\/WhatsApp-Image-2024-07-13-at-1.57.34-PM-300x200.jpeg 300w, https:\/\/www.radiointeractivo.com.mx\/wp-content\/uploads\/2024\/07\/WhatsApp-Image-2024-07-13-at-1.57.34-PM-768x512.jpeg 768w, https:\/\/www.radiointeractivo.com.mx\/wp-content\/uploads\/2024\/07\/WhatsApp-Image-2024-07-13-at-1.57.34-PM-1536x1023.jpeg 1536w, https:\/\/www.radiointeractivo.com.mx\/wp-content\/uploads\/2024\/07\/WhatsApp-Image-2024-07-13-at-1.57.34-PM-310x205.jpeg 310w, https:\/\/www.radiointeractivo.com.mx\/wp-content\/uploads\/2024\/07\/WhatsApp-Image-2024-07-13-at-1.57.34-PM.jpeg 1600w\" sizes=\"auto, (max-width: 1024px) 100vw, 1024px\" \/><\/figure>\n\n\n\n<p>Por: Staff | #NuevoLaredo #Laredo #NLD #Tamaulipas<\/p>\n\n\n\n<p>Una divertida \u201cTarde Social UNE\u201d vivieron este viernes decenas de ni\u00f1os, j\u00f3venes y adultos en el Zool\u00f3gico de la ciudad en que pudieron disfrutar de \u00e1reas de juegos, din\u00e1micas y premios.<\/p>\n\n\n\n<p>El director del Zool\u00f3gico y Acuario, Daniel del Fierro C\u00e1rdenas mencion\u00f3 que las actividades dieron inicio a las 5:00 de la tarde, horario en el que adem\u00e1s entraron de manera gratuita al recinto.<\/p>\n\n\n\n<p>\u201cEs algo que ofrecemos a la poblaci\u00f3n en el que se aprovechan las instalaciones nuevas, las \u00e1reas verdes y que sea un espacio familiar, hubo una muy buena respuesta, es lo que queremos que salgan de sus casas y disfruten\u201d, dijo el funcionario municipal.<\/p>\n\n\n\n<p>Por su parte el ciudadano Javier P\u00e9rez Aguilar quien acudi\u00f3 con su familia agradeci\u00f3 al gobierno municipal por brindar espacios p\u00fablicos en los que puedan salir a distraerse sanamente.<\/p>\n\n\n\n<p>\u201cEst\u00e1 muy bien, recorrimos el Zool\u00f3gico, est\u00e1 muy limpio, est\u00e1 divertido ah\u00ed andan mis hijos y se est\u00e1n divirtiendo bastante, est\u00e1 muy bien el clima y decidimos venir a pasar el rato, muchas gracias y todo sea por el bien de las familias\u201d, opin\u00f3 el ciudadano.<\/p>\n\n\n\n<p>Mientras que David Morales Trist\u00e1n reconoci\u00f3 la labor que realiza el gobierno municipal para ofrecer a la poblaci\u00f3n actividades y programas para su recreaci\u00f3n en el que adem\u00e1s aprenden sobre el cuidado de los animales.<\/p>\n\n\n\n<p>\u201cMe gustan mucho las actividades que est\u00e1n haciendo por los ni\u00f1os, tengo a mis hijos y me parece excelente, adem\u00e1s con la renovaci\u00f3n que hicieron les qued\u00f3 excelente, este tipo de actividades son muy necesarias que bueno que se esfuercen por hacerlas\u201d, manifest\u00f3 el ciudadano David Morales.<\/p>\n\n\n\n<p>La ciudadana Iliana Isabel Mart\u00ednez Cortina declar\u00f3 que es muy positivo que se lleven a cabo programas como \u201cTarde Social\u201d para que ahora que los ni\u00f1os est\u00e1n en periodo vacacional tengan la oportunidad de aprender y visitar el Zool\u00f3gico.<\/p>\n\n\n\n<p>\u201cEst\u00e1 muy bien porque est\u00e1n de vacaciones y hay que distraerlos con muchas actividades para que se desenvuelven y agarren energ\u00edas, este tipo de actividades les ayuda mucho a socializar, si est\u00e1 muy padre\u201d, expres\u00f3 la ciudadana Mart\u00ednez Cortina.<\/p>\n\n\n\n<p>Durante este evento tambi\u00e9n se comparti\u00f3 una pl\u00e1tica con los asistentes sobre los diferentes ejemplares, hubo juegos de mesa, entrega de jugos y palomitas a los menores, entre otras din\u00e1micas.<\/p>\n","protected":false},"excerpt":{"rendered":"<p>Por: Staff | #NuevoLaredo #Laredo #NLD #Tamaulipas Una divertida \u201cTarde Social UNE\u201d vivieron este viernes decenas de ni\u00f1os, j\u00f3venes y adultos en el Zool\u00f3gico de la ciudad en que pudieron disfrutar de \u00e1reas de juegos, din\u00e1micas y premios. El director del Zool\u00f3gico y Acuario, Daniel del Fierro C\u00e1rdenas mencion\u00f3 que las actividades dieron inicio a &hellip;<\/p>\n","protected":false},"author":1,"featured_media":8982,"comment_status":"open","ping_status":"open","sticky":false,"template":"","format":"standard","meta":{"footnotes":""},"categories":[38],"tags":[],"class_list":["post-8981","post","type-post","status-publish","format-standard","has-post-thumbnail","","category-nuevo-laredo"],"_links":{"self":[{"href":"https:\/\/www.radiointeractivo.com.mx\/index.php?rest_route=\/wp\/v2\/posts\/8981","targetHints":{"allow":["GET"]}}],"collection":[{"href":"https:\/\/www.radiointeractivo.com.mx\/index.php?rest_route=\/wp\/v2\/posts"}],"about":[{"href":"https:\/\/www.radiointeractivo.com.mx\/index.php?rest_route=\/wp\/v2\/types\/post"}],"author":[{"embeddable":true,"href":"https:\/\/www.radiointeractivo.com.mx\/index.php?rest_route=\/wp\/v2\/users\/1"}],"replies":[{"embeddable":true,"href":"https:\/\/www.radiointeractivo.com.mx\/index.php?rest_route=%2Fwp%2Fv2%2Fcomments&post=8981"}],"version-history":[{"count":1,"href":"https:\/\/www.radiointeractivo.com.mx\/index.php?rest_route=\/wp\/v2\/posts\/8981\/revisions"}],"predecessor-version":[{"id":8983,"href":"https:\/\/www.radiointeractivo.com.mx\/index.php?rest_route=\/wp\/v2\/posts\/8981\/revisions\/8983"}],"wp:featuredmedia":[{"embeddable":true,"href":"https:\/\/www.radiointeractivo.com.mx\/index.php?rest_route=\/wp\/v2\/media\/8982"}],"wp:attachment":[{"href":"https:\/\/www.radiointeractivo.com.mx\/index.php?rest_route=%2Fwp%2Fv2%2Fmedia&parent=8981"}],"wp:term":[{"taxonomy":"category","embeddable":true,"href":"https:\/\/www.radiointeractivo.com.mx\/index.php?rest_route=%2Fwp%2Fv2%2Fcategories&post=8981"},{"taxonomy":"post_tag","embeddable":true,"href":"https:\/\/www.radiointeractivo.com.mx\/index.php?rest_route=%2Fwp%2Fv2%2Ftags&post=8981"}],"curies":[{"name":"wp","href":"https:\/\/api.w.org\/{rel}","templated":true}]}}