{"id":8970,"date":"2024-07-12T14:47:25","date_gmt":"2024-07-12T19:47:25","guid":{"rendered":"https:\/\/www.radiointeractivo.com.mx\/?p=8970"},"modified":"2024-07-12T14:47:26","modified_gmt":"2024-07-12T19:47:26","slug":"fortalecen-dos-laredos-lazos-binacionales-con-festival-internacional-ciudades-hermanas","status":"publish","type":"post","link":"https:\/\/www.radiointeractivo.com.mx\/?p=8970","title":{"rendered":"FORTALECEN DOS LAREDOS LAZOS BINACIONALES CON \u201cFESTIVAL INTERNACIONAL CIUDADES HERMANAS\u201d"},"content":{"rendered":"\n<figure class=\"wp-block-image size-large\"><img loading=\"lazy\" decoding=\"async\" width=\"1024\" height=\"682\" src=\"https:\/\/www.radiointeractivo.com.mx\/wp-content\/uploads\/2024\/07\/WhatsApp-Image-2024-07-12-at-2.31.32-PM-1024x682.jpeg\" alt=\"\" class=\"wp-image-8971\" srcset=\"https:\/\/www.radiointeractivo.com.mx\/wp-content\/uploads\/2024\/07\/WhatsApp-Image-2024-07-12-at-2.31.32-PM-1024x682.jpeg 1024w, https:\/\/www.radiointeractivo.com.mx\/wp-content\/uploads\/2024\/07\/WhatsApp-Image-2024-07-12-at-2.31.32-PM-300x200.jpeg 300w, https:\/\/www.radiointeractivo.com.mx\/wp-content\/uploads\/2024\/07\/WhatsApp-Image-2024-07-12-at-2.31.32-PM-768x512.jpeg 768w, https:\/\/www.radiointeractivo.com.mx\/wp-content\/uploads\/2024\/07\/WhatsApp-Image-2024-07-12-at-2.31.32-PM-1536x1023.jpeg 1536w, https:\/\/www.radiointeractivo.com.mx\/wp-content\/uploads\/2024\/07\/WhatsApp-Image-2024-07-12-at-2.31.32-PM-310x205.jpeg 310w, https:\/\/www.radiointeractivo.com.mx\/wp-content\/uploads\/2024\/07\/WhatsApp-Image-2024-07-12-at-2.31.32-PM.jpeg 1600w\" sizes=\"auto, (max-width: 1024px) 100vw, 1024px\" \/><\/figure>\n\n\n\n<p>Por: Staff | #NuevoLaredo #Laredo #NLD #Tamaulipas<\/p>\n\n\n\n<p>Este viernes inici\u00f3 el \u201cXX Festival Internacional Laredo, Ciudades Hermanas\u201d un evento que refuerza la fraternidad entre M\u00e9xico y Estados Unidos a trav\u00e9s del intercambio cultural y comercial y en donde Nuevo Laredo mostrar\u00e1 todo lo que tiene para ofrecer en materia de turismo y desarrollo econ\u00f3mico.<\/p>\n\n\n\n<p>La inauguraci\u00f3n fue a cargo de autoridades municipales y estatales de ambos pa\u00edses en la que estuvo presente la alcaldesa Carmen Lilia Canturosas Villarreal; Benjam\u00edn Hern\u00e1ndez, secretario de Turismo del Gobierno de Tamaulipas; Victor Trevi\u00f1o, alcalde de Laredo, Texas; Devorah Karren, representante del Gobierno de Nuevo Le\u00f3n y el doctor Marco Antonio Gonz\u00e1lez Jasso, presidente municipal de Ciudad Fern\u00e1ndez, SLP.<\/p>\n\n\n\n<p>Dentro de la ceremonia de inauguraci\u00f3n, la presidenta municipal celebr\u00f3 la s\u00f3lida hermandad entre Nuevo Laredo y Laredo, Texas la cual ha sido una relaci\u00f3n fundamental para fortalecer los lazos binacionales entre M\u00e9xico y Estados Unidos a lo largo de la historia.<\/p>\n\n\n\n<p>\u201cEste festival tiene como objetivo principal promocionar la rica cultura, la exquisita gastronom\u00eda y el colorido arte de M\u00e9xico en Laredo, Texas, pero tambi\u00e9n construimos un puente por el cual lo mejor de M\u00e9xico y sus tradiciones llegan a m\u00e1s personas, trascendiendo fronteras y uniendo corazones\u201d, se\u00f1al\u00f3 Canturosas Villarreal.<\/p>\n\n\n\n<p>Destac\u00f3 que m\u00e1s all\u00e1 del liderazgo comercial y log\u00edstico, gracias a la transformaci\u00f3n que se ha llevado a cabo en la ciudad, hoy Nuevo Laredo ha potencializado su ventajas para el turismo de negocios, turismo m\u00e9dico y de esparcimiento.<\/p>\n\n\n\n<p>Resalt\u00f3 que la ciudad atraviesa por un buen momento econ\u00f3mico y de paz social, por lo que este festival es la plataforma id\u00f3nea para atraer visitantes.<\/p>\n\n\n\n<p>En esta edici\u00f3n, Nuevo Laredo fue uno de los municipios invitados para promocionar la cultura, gastronom\u00eda, el arte y los lugares atractivos con los que cuenta la ciudad.<\/p>\n\n\n\n<p>Durante el festival que se llevar\u00e1 a cabo del 12 al 14 de julio 2024 en Sames Auto Arena se impulsar\u00e1 el turismo de Nuevo Laredo, con la entrega de art\u00edculos \u201cI love NLD\u201d, folleter\u00eda y cuponeras de descuentos en restaurantes pertenecientes a CANIRAC.<\/p>\n\n\n\n<p>En este evento tambi\u00e9n estuvieron presentes Erika Zielke, C\u00f3nsul General de Estados Unidos en Nuevo Laredo y Juan Carlos Mendoza S\u00e1nchez, C\u00f3nsul General de M\u00e9xico en Laredo, Texas.<\/p>\n\n\n\n<p>El Festival Internacional se realiza a\u00f1o con a\u00f1o, con la participaci\u00f3n de alrededor de 200 expositores de diferentes estados de M\u00e9xico y Centroam\u00e9rica quienes muestran sus productos artesanales, como; joyer\u00eda, ropa, art\u00edculos de piel y gastronom\u00eda.<\/p>\n","protected":false},"excerpt":{"rendered":"<p>Por: Staff | #NuevoLaredo #Laredo #NLD #Tamaulipas Este viernes inici\u00f3 el \u201cXX Festival Internacional Laredo, Ciudades Hermanas\u201d un evento que refuerza la fraternidad entre M\u00e9xico y Estados Unidos a trav\u00e9s del intercambio cultural y comercial y en donde Nuevo Laredo mostrar\u00e1 todo lo que tiene para ofrecer en materia de turismo y desarrollo econ\u00f3mico. La &hellip;<\/p>\n","protected":false},"author":1,"featured_media":8972,"comment_status":"open","ping_status":"open","sticky":false,"template":"","format":"standard","meta":{"footnotes":""},"categories":[38],"tags":[],"class_list":["post-8970","post","type-post","status-publish","format-standard","has-post-thumbnail","","category-nuevo-laredo"],"_links":{"self":[{"href":"https:\/\/www.radiointeractivo.com.mx\/index.php?rest_route=\/wp\/v2\/posts\/8970","targetHints":{"allow":["GET"]}}],"collection":[{"href":"https:\/\/www.radiointeractivo.com.mx\/index.php?rest_route=\/wp\/v2\/posts"}],"about":[{"href":"https:\/\/www.radiointeractivo.com.mx\/index.php?rest_route=\/wp\/v2\/types\/post"}],"author":[{"embeddable":true,"href":"https:\/\/www.radiointeractivo.com.mx\/index.php?rest_route=\/wp\/v2\/users\/1"}],"replies":[{"embeddable":true,"href":"https:\/\/www.radiointeractivo.com.mx\/index.php?rest_route=%2Fwp%2Fv2%2Fcomments&post=8970"}],"version-history":[{"count":1,"href":"https:\/\/www.radiointeractivo.com.mx\/index.php?rest_route=\/wp\/v2\/posts\/8970\/revisions"}],"predecessor-version":[{"id":8973,"href":"https:\/\/www.radiointeractivo.com.mx\/index.php?rest_route=\/wp\/v2\/posts\/8970\/revisions\/8973"}],"wp:featuredmedia":[{"embeddable":true,"href":"https:\/\/www.radiointeractivo.com.mx\/index.php?rest_route=\/wp\/v2\/media\/8972"}],"wp:attachment":[{"href":"https:\/\/www.radiointeractivo.com.mx\/index.php?rest_route=%2Fwp%2Fv2%2Fmedia&parent=8970"}],"wp:term":[{"taxonomy":"category","embeddable":true,"href":"https:\/\/www.radiointeractivo.com.mx\/index.php?rest_route=%2Fwp%2Fv2%2Fcategories&post=8970"},{"taxonomy":"post_tag","embeddable":true,"href":"https:\/\/www.radiointeractivo.com.mx\/index.php?rest_route=%2Fwp%2Fv2%2Ftags&post=8970"}],"curies":[{"name":"wp","href":"https:\/\/api.w.org\/{rel}","templated":true}]}}