{"id":897,"date":"2023-09-01T19:43:06","date_gmt":"2023-09-01T19:43:06","guid":{"rendered":"https:\/\/www.radiointeractivo.com.mx\/?p=897"},"modified":"2023-09-01T19:43:08","modified_gmt":"2023-09-01T19:43:08","slug":"inaugura-gobierno-del-estado-copa-tamaulipas-internacional-2023","status":"publish","type":"post","link":"https:\/\/www.radiointeractivo.com.mx\/?p=897","title":{"rendered":"Inaugura Gobierno del Estado \u201cCopa Tamaulipas Internacional 2023\u201d"},"content":{"rendered":"\n<p>Por: Agencias<\/p>\n\n\n\n<p>Ciudad Victoria, Tamaulipas. &#8211; En lo que fue una gran fiesta deportiva con una numerosa asistencia, en el Estadio \u201cMarte R. G\u00f3mez\u201d se realiz\u00f3 la inauguraci\u00f3n de la \u201cCopa Tamaulipas Internacional 2023\u201d, primera edici\u00f3n de este torneo que cuenta con la participaci\u00f3n de m\u00e1s de 20 equipos entre ellos filiales de la Liga MX, Argentina, Colombia y representantes tamaulipecos.<\/p>\n\n\n\n<p>Manuel Raga Navarro, director general del Instituto del Deporte de Tamaulipas (INDE), encabez\u00f3 este acto inaugural la noche del domingo y agradeci\u00f3 el apoyo del gobernador Am\u00e9rico Villarreal Anaya, \u201csin el apoyo de \u00e9l, no pudi\u00e9ramos realizar este evento que une a tres pa\u00edses\u201d.<\/p>\n\n\n\n<p>\u201cDeseamos que los equipos for\u00e1neos tengan una buena estancia en Tamaulipas, un torneo que demuestra el talento que hay en cada rinc\u00f3n del estado, M\u00e9xico y en el extranjero; independientemente del resultado, que esta experiencia quede para sus vidas\u201d, agreg\u00f3 Raga Navarro.<\/p>\n\n\n\n<p>Por su parte la secretaria del Trabajo y Previsi\u00f3n Social, Olga Sosa Ru\u00edz en su intervenci\u00f3n destac\u00f3 la participaci\u00f3n de todos los equipos e indic\u00f3 que se seguir\u00e1 con el apoyo al deporte tamaulipeco, para la realizaci\u00f3n de estos eventos que impulsen y desarrollen el talento.<\/p>\n\n\n\n<p>Tras las palabras de las autoridades, se realiz\u00f3 la declaratoria inaugural, as\u00ed como la patada inicial para dar pie al partido de inicio del torneo entre Tamaulipas y Deportivo Cali de Colombia.<\/p>\n\n\n\n<p>Durante el evento inaugural, se cont\u00f3 con la presencia de autoridades estatales entre ellos, Vicente Joel Hern\u00e1ndez, secretario de Salud; Juan Ram\u00f3n Capistr\u00e1n, secretario t\u00e9cnico de Gobierno del Estado; Alejandro Guzm\u00e1n, representante de Ver\u00f3nica Aguirre, secretaria de Bienestar y Katalyna M\u00e9ndez, directora general del Instituto de la Juventud (INJUVE).<\/p>\n\n\n\n<p>Tambi\u00e9n se cont\u00f3 con la participaci\u00f3n de RS Studio, escuela de baile que dio una gran presentaci\u00f3n para animar a los presentes.<\/p>\n\n\n\n<p>En los resultados de la primera jornada, el cuadro de Defensa y Justicia, (Argentina), venci\u00f3 3-1 a Tamaulipas B en la categor\u00eda Sub-13; en la categor\u00eda Sub-15 Deportivo Cali (Colombia) y Tamaulipas empataron 2-2, en penales se impuso el equipo colombiano.<\/p>\n","protected":false},"excerpt":{"rendered":"<p>Por: Agencias Ciudad Victoria, Tamaulipas. &#8211; En lo que fue una gran fiesta deportiva con una numerosa asistencia, en el Estadio \u201cMarte R. G\u00f3mez\u201d se realiz\u00f3 la inauguraci\u00f3n de la \u201cCopa Tamaulipas Internacional 2023\u201d, primera edici\u00f3n de este torneo que cuenta con la participaci\u00f3n de m\u00e1s de 20 equipos entre ellos filiales de la Liga &hellip;<\/p>\n","protected":false},"author":1,"featured_media":898,"comment_status":"open","ping_status":"open","sticky":false,"template":"","format":"standard","meta":{"footnotes":""},"categories":[39],"tags":[],"class_list":["post-897","post","type-post","status-publish","format-standard","has-post-thumbnail","","category-tamaulipas"],"_links":{"self":[{"href":"https:\/\/www.radiointeractivo.com.mx\/index.php?rest_route=\/wp\/v2\/posts\/897","targetHints":{"allow":["GET"]}}],"collection":[{"href":"https:\/\/www.radiointeractivo.com.mx\/index.php?rest_route=\/wp\/v2\/posts"}],"about":[{"href":"https:\/\/www.radiointeractivo.com.mx\/index.php?rest_route=\/wp\/v2\/types\/post"}],"author":[{"embeddable":true,"href":"https:\/\/www.radiointeractivo.com.mx\/index.php?rest_route=\/wp\/v2\/users\/1"}],"replies":[{"embeddable":true,"href":"https:\/\/www.radiointeractivo.com.mx\/index.php?rest_route=%2Fwp%2Fv2%2Fcomments&post=897"}],"version-history":[{"count":1,"href":"https:\/\/www.radiointeractivo.com.mx\/index.php?rest_route=\/wp\/v2\/posts\/897\/revisions"}],"predecessor-version":[{"id":899,"href":"https:\/\/www.radiointeractivo.com.mx\/index.php?rest_route=\/wp\/v2\/posts\/897\/revisions\/899"}],"wp:featuredmedia":[{"embeddable":true,"href":"https:\/\/www.radiointeractivo.com.mx\/index.php?rest_route=\/wp\/v2\/media\/898"}],"wp:attachment":[{"href":"https:\/\/www.radiointeractivo.com.mx\/index.php?rest_route=%2Fwp%2Fv2%2Fmedia&parent=897"}],"wp:term":[{"taxonomy":"category","embeddable":true,"href":"https:\/\/www.radiointeractivo.com.mx\/index.php?rest_route=%2Fwp%2Fv2%2Fcategories&post=897"},{"taxonomy":"post_tag","embeddable":true,"href":"https:\/\/www.radiointeractivo.com.mx\/index.php?rest_route=%2Fwp%2Fv2%2Ftags&post=897"}],"curies":[{"name":"wp","href":"https:\/\/api.w.org\/{rel}","templated":true}]}}