{"id":891,"date":"2023-09-01T19:41:19","date_gmt":"2023-09-01T19:41:19","guid":{"rendered":"https:\/\/www.radiointeractivo.com.mx\/?p=891"},"modified":"2023-09-01T19:41:20","modified_gmt":"2023-09-01T19:41:20","slug":"trabaja-contraloria-gubernamental-por-un-futuro-sin-corrupcion-en-tamaulipas","status":"publish","type":"post","link":"https:\/\/www.radiointeractivo.com.mx\/?p=891","title":{"rendered":"Trabaja Contralor\u00eda Gubernamental por un futuro sin corrupci\u00f3n en Tamaulipas"},"content":{"rendered":"\n<p>-Capacitaci\u00f3n y estrategias de colaboraci\u00f3n entre Contralores M\u00e9xico, la Secretar\u00eda de la Funci\u00f3n P\u00fablica y la Contralor\u00eda Gubernamental de Tamaulipas, para mejorar procesos de gesti\u00f3n<\/p>\n\n\n\n<p>Por: Agencias<\/p>\n\n\n\n<p>Ciudad Victoria, Tamaulipas.- Tamaulipas particip\u00f3 en la Segunda Asamblea Ordinaria Regional Noreste 2023, un evento estrat\u00e9gico en colaboraci\u00f3n con Contralores M\u00e9xico y la Secretar\u00eda de la Funci\u00f3n P\u00fablica, que se realiz\u00f3 en el estado de Durango.<\/p>\n\n\n\n<p>La contralora gubernamental Norma Ang\u00e9lica Pedraza Melo se\u00f1al\u00f3 en su participaci\u00f3n que Tamaulipas fij\u00f3 acciones y compromisos con la transformaci\u00f3n por un futuro m\u00e1s justo, tarea encomendada por el gobernador Am\u00e9rico Villarreal Anaya.<\/p>\n\n\n\n<p>Refiri\u00f3 que asistieron los secretarios t\u00e9cnicos de la regi\u00f3n noreste del pa\u00eds, en esta Asamblea en la cual se fortalecieron las acciones para una mejor rendici\u00f3n de cuentas, trabajar en el combate a la corrupci\u00f3n y mejorar procesos internos de gesti\u00f3n.<\/p>\n\n\n\n<p>Asimismo, como parte de las acciones continuas de capacitaci\u00f3n, Am\u00e9rica Lorena Gonz\u00e1lez Cisneros, Titular de la Subcontralor\u00eda de Evaluaci\u00f3n y Mejora de la Gesti\u00f3n, se uni\u00f3 al foro itinerante titulado &#8220;Mejora Regulatoria para el combate a la corrupci\u00f3n\u201d, evento congreg\u00f3 a representantes de Quer\u00e9taro, Zacatecas y Tamaulipas y que se realiz\u00f3 en la ciudad de San Luis Potos\u00ed.<\/p>\n\n\n\n<p>En esta reuni\u00f3n en la cual se propici\u00f3 el di\u00e1logo, se analizaron diferentes temas como la presentaci\u00f3n a cargo de Manuel Gerardo Flores Romero, coordinador del Programa de Pol\u00edtica de Mejora Regulatoria de la Organizaci\u00f3n para la Cooperaci\u00f3n para el Desarrollo Econ\u00f3mico (OCDE), quien abord\u00f3 la \u201cVentanilla Digital de Inversiones\u201d.<\/p>\n\n\n\n<p>Mientras que en otro evento, realizado en Ciudad Victoria la Contralor\u00eda Social de la Direcci\u00f3n de Auditor\u00eda a Obra P\u00fablica capacit\u00f3 a servidores p\u00fablicos del programa \u201cFortalecimiento a la Atenci\u00f3n M\u00e9dica\u201d de la Secretar\u00eda de Salud, su enfoque se centr\u00f3 en equipar a los profesionales de la salud en catorce rutas a lo largo del territorio tamaulipeco, teniendo como destinatarios a los habitantes de comunidades rurales con una poblaci\u00f3n menor a dos mil quinientos individuos y con limitado acceso a servicios de salud.<\/p>\n","protected":false},"excerpt":{"rendered":"<p>-Capacitaci\u00f3n y estrategias de colaboraci\u00f3n entre Contralores M\u00e9xico, la Secretar\u00eda de la Funci\u00f3n P\u00fablica y la Contralor\u00eda Gubernamental de Tamaulipas, para mejorar procesos de gesti\u00f3n Por: Agencias Ciudad Victoria, Tamaulipas.- Tamaulipas particip\u00f3 en la Segunda Asamblea Ordinaria Regional Noreste 2023, un evento estrat\u00e9gico en colaboraci\u00f3n con Contralores M\u00e9xico y la Secretar\u00eda de la Funci\u00f3n P\u00fablica, &hellip;<\/p>\n","protected":false},"author":1,"featured_media":892,"comment_status":"open","ping_status":"open","sticky":false,"template":"","format":"standard","meta":{"footnotes":""},"categories":[39],"tags":[],"class_list":["post-891","post","type-post","status-publish","format-standard","has-post-thumbnail","","category-tamaulipas"],"_links":{"self":[{"href":"https:\/\/www.radiointeractivo.com.mx\/index.php?rest_route=\/wp\/v2\/posts\/891","targetHints":{"allow":["GET"]}}],"collection":[{"href":"https:\/\/www.radiointeractivo.com.mx\/index.php?rest_route=\/wp\/v2\/posts"}],"about":[{"href":"https:\/\/www.radiointeractivo.com.mx\/index.php?rest_route=\/wp\/v2\/types\/post"}],"author":[{"embeddable":true,"href":"https:\/\/www.radiointeractivo.com.mx\/index.php?rest_route=\/wp\/v2\/users\/1"}],"replies":[{"embeddable":true,"href":"https:\/\/www.radiointeractivo.com.mx\/index.php?rest_route=%2Fwp%2Fv2%2Fcomments&post=891"}],"version-history":[{"count":1,"href":"https:\/\/www.radiointeractivo.com.mx\/index.php?rest_route=\/wp\/v2\/posts\/891\/revisions"}],"predecessor-version":[{"id":893,"href":"https:\/\/www.radiointeractivo.com.mx\/index.php?rest_route=\/wp\/v2\/posts\/891\/revisions\/893"}],"wp:featuredmedia":[{"embeddable":true,"href":"https:\/\/www.radiointeractivo.com.mx\/index.php?rest_route=\/wp\/v2\/media\/892"}],"wp:attachment":[{"href":"https:\/\/www.radiointeractivo.com.mx\/index.php?rest_route=%2Fwp%2Fv2%2Fmedia&parent=891"}],"wp:term":[{"taxonomy":"category","embeddable":true,"href":"https:\/\/www.radiointeractivo.com.mx\/index.php?rest_route=%2Fwp%2Fv2%2Fcategories&post=891"},{"taxonomy":"post_tag","embeddable":true,"href":"https:\/\/www.radiointeractivo.com.mx\/index.php?rest_route=%2Fwp%2Fv2%2Ftags&post=891"}],"curies":[{"name":"wp","href":"https:\/\/api.w.org\/{rel}","templated":true}]}}