{"id":885,"date":"2023-09-01T19:39:07","date_gmt":"2023-09-01T19:39:07","guid":{"rendered":"https:\/\/www.radiointeractivo.com.mx\/?p=885"},"modified":"2023-09-01T19:39:08","modified_gmt":"2023-09-01T19:39:08","slug":"cumplida-la-primera-jornada-de-la-copa-tamaulipas-internacional-2023-sub-13","status":"publish","type":"post","link":"https:\/\/www.radiointeractivo.com.mx\/?p=885","title":{"rendered":"Cumplida la primera jornada de la \u201cCopa Tamaulipas Internacional 2023\u201d Sub-13"},"content":{"rendered":"\n<p>Por: Agencias<\/p>\n\n\n\n<p>Ciudad Victoria, Tamaulipas.- Al continuar las actividades de la \u201cCopa Tamaulipas Internacional 2023\u201d, este lunes se llev\u00f3 a cabo el complemento de la jornada n\u00famero uno en la categor\u00eda Sub-13, que tuvo como sede la cancha del Estadio \u201cEugenio Alvizo Porras\u201d de la UAT y el Centro Universitario de la ULSA Victoria.<\/p>\n\n\n\n<p>Los equipos filiales de la Liga Mx fueron quienes dominaron en esta jornada; en la UAT, jugaron Tigres y Santos, el resultado favoreci\u00f3 a los de Nuevo Le\u00f3n por 2-0, mientras que en ese mismo escenario, Chivas de Guadalajara derrot\u00f3 a Copa UAT por marcador de 3-1.<\/p>\n\n\n\n<p>En la ULSA, Necaxa se impuso a Copa UAT Negro por 3-1 y Copa UAT Naranja logr\u00f3 sus primeros tres puntos tras derrotar 4-2 a Tamaulipas A. El d\u00eda de ayer el equipo de Defensa y Justicia (Argentina), hab\u00eda jugado ya y derrot\u00f3 a Tamaulipas B por tanteador de 3-1.<\/p>\n\n\n\n<p>Esta tarde seguir\u00e1 la actividad con la categor\u00eda Sub-15 con los partidos entre Chivas y Copa UAT Blanco a las 18:00 hrs, cierran actividad a las 19:30 hrs. Necaxa contra Tigres, esto en el Universitario de la UAT. En la ULSA jugar\u00e1n a las 18:00 hrs, de manera simult\u00e1nea, Copa UAT Negro vs Santos y Tamaulipas A contra Copa UAT Naranja.<\/p>\n","protected":false},"excerpt":{"rendered":"<p>Por: Agencias Ciudad Victoria, Tamaulipas.- Al continuar las actividades de la \u201cCopa Tamaulipas Internacional 2023\u201d, este lunes se llev\u00f3 a cabo el complemento de la jornada n\u00famero uno en la categor\u00eda Sub-13, que tuvo como sede la cancha del Estadio \u201cEugenio Alvizo Porras\u201d de la UAT y el Centro Universitario de la ULSA Victoria. Los &hellip;<\/p>\n","protected":false},"author":1,"featured_media":886,"comment_status":"open","ping_status":"open","sticky":false,"template":"","format":"standard","meta":{"footnotes":""},"categories":[39],"tags":[],"class_list":["post-885","post","type-post","status-publish","format-standard","has-post-thumbnail","","category-tamaulipas"],"_links":{"self":[{"href":"https:\/\/www.radiointeractivo.com.mx\/index.php?rest_route=\/wp\/v2\/posts\/885","targetHints":{"allow":["GET"]}}],"collection":[{"href":"https:\/\/www.radiointeractivo.com.mx\/index.php?rest_route=\/wp\/v2\/posts"}],"about":[{"href":"https:\/\/www.radiointeractivo.com.mx\/index.php?rest_route=\/wp\/v2\/types\/post"}],"author":[{"embeddable":true,"href":"https:\/\/www.radiointeractivo.com.mx\/index.php?rest_route=\/wp\/v2\/users\/1"}],"replies":[{"embeddable":true,"href":"https:\/\/www.radiointeractivo.com.mx\/index.php?rest_route=%2Fwp%2Fv2%2Fcomments&post=885"}],"version-history":[{"count":1,"href":"https:\/\/www.radiointeractivo.com.mx\/index.php?rest_route=\/wp\/v2\/posts\/885\/revisions"}],"predecessor-version":[{"id":887,"href":"https:\/\/www.radiointeractivo.com.mx\/index.php?rest_route=\/wp\/v2\/posts\/885\/revisions\/887"}],"wp:featuredmedia":[{"embeddable":true,"href":"https:\/\/www.radiointeractivo.com.mx\/index.php?rest_route=\/wp\/v2\/media\/886"}],"wp:attachment":[{"href":"https:\/\/www.radiointeractivo.com.mx\/index.php?rest_route=%2Fwp%2Fv2%2Fmedia&parent=885"}],"wp:term":[{"taxonomy":"category","embeddable":true,"href":"https:\/\/www.radiointeractivo.com.mx\/index.php?rest_route=%2Fwp%2Fv2%2Fcategories&post=885"},{"taxonomy":"post_tag","embeddable":true,"href":"https:\/\/www.radiointeractivo.com.mx\/index.php?rest_route=%2Fwp%2Fv2%2Ftags&post=885"}],"curies":[{"name":"wp","href":"https:\/\/api.w.org\/{rel}","templated":true}]}}