{"id":882,"date":"2023-09-01T19:35:12","date_gmt":"2023-09-01T19:35:12","guid":{"rendered":"https:\/\/www.radiointeractivo.com.mx\/?p=882"},"modified":"2023-09-01T19:35:13","modified_gmt":"2023-09-01T19:35:13","slug":"mantiene-tamaulipas-liderazgo-nacional-en-turismo-cinegetico","status":"publish","type":"post","link":"https:\/\/www.radiointeractivo.com.mx\/?p=882","title":{"rendered":"Mantiene Tamaulipas liderazgo nacional en turismo cineg\u00e9tico"},"content":{"rendered":"\n<p>-Con la \u201cExpo Caza y Pesca Tamaulipas 2023\u201d, se reforzaron las acciones para la promoci\u00f3n a nivel nacional e internacional para atraer cazadores de especies de pelo o pluma<\/p>\n\n\n\n<p>Por: Agencias<\/p>\n\n\n\n<p>Ciudad Victoria, Tamaulipas.- Como parte de las acciones para impulsar la promoci\u00f3n del turismo cineg\u00e9tico y la conservaci\u00f3n de la naturaleza de la regi\u00f3n, se llev\u00f3 a cabo la primera edici\u00f3n de la \u201cExpo Caza y Pesca Tamaulipas 2023\u201d en las instalaciones del Polyforum en Ciudad Victoria.<\/p>\n\n\n\n<p>El evento se destac\u00f3 al contar con m\u00e1s de mil 500 asistentes de toda la Rep\u00fablica Mexicana. Adem\u00e1s, participaron 30 expositores y 10 ponentes expertos en la materia tomaron parte en un intercambio de conocimientos, que promueve la colaboraci\u00f3n en el trabajo que realiza la Comisi\u00f3n de Caza y Pesca Deportiva de Tamaulipas.<\/p>\n\n\n\n<p>Actualmente Tamaulipas es l\u00edder nacional en turismo cineg\u00e9tico con ranchos especializados en la regi\u00f3n, que ofrecen a cazadores nacionales e internacionales la oportunidad de encontrar especies de pelo o pluma; por lo que este evento sirvi\u00f3 como plataforma para fortalecer estas actividades y atraer a m\u00e1s visitantes interesados en disfrutar de la rica biodiversidad de la regi\u00f3n.<\/p>\n\n\n\n<p>El vocal ejecutivo de la Comisi\u00f3n de Caza y Pesca Deportiva, Luis Eduardo Garc\u00eda Reyes, destac\u00f3 que estos esfuerzos est\u00e1n alineados con la visi\u00f3n del gobernador Am\u00e9rico Villarreal Anaya, para seguir transformando Tamaulipas en un destino de primer nivel para los amantes de la naturaleza y la caza deportiva.<\/p>\n\n\n\n<p>En el evento acudi\u00f3 en representaci\u00f3n de la secretar\u00eda de Desarrollo Urbano y Medio Ambiente (SEDUMA), Karina Lizeth Sald\u00edvar Lartigue, el coordinador de Fortalecimiento Institucional, Rommel Samuel Silva Salda\u00f1a y el subsecretario de Pesca y Acuacultura, Juan Jes\u00fas Hern\u00e1ndez Torres.<\/p>\n\n\n\n<p>De igual manera, asistieron el subsecretario de Medio Ambiente, Karl Heinz Becker Hern\u00e1ndez; la subsecretaria de Turismo, Ver\u00f3nica Loredo Hern\u00e1ndez; el vocal ejecutivo de la Comisi\u00f3n de Parques y Biodiversidad, Luis Eduardo Rocha Orozco; el delegado de Programas para el Desarrollo en Tamaulipas, Luis Lauro Reyes Rodr\u00edguez y el director de Planeaci\u00f3n e Infraestructura de la Secretar\u00eda de Desarrollo Econ\u00f3mico, Carlos Iv\u00e1n Tovar Hern\u00e1ndez.<\/p>\n\n\n\n<p>Asimismo se cont\u00f3 con la presencia del encargado del Despacho de la Oficina de la Secretar\u00eda del Medio Ambiente y Recursos Naturales (SEMARNAT), Horacio del \u00c1ngel Castillo y en representaci\u00f3n del secretario general de Gobierno, H\u00e9ctor Joel Villegas Gonz\u00e1lez, particip\u00f3 \u00d3scar Rivera Garc\u00eda.<\/p>\n\n\n\n<p>Con la \u201cExpo Caza y Pesca Tamaulipas 2023\u201d no solo se impuls\u00f3 el turismo cineg\u00e9tico, sino tambi\u00e9n se reafirm\u00f3 el compromiso del gobernador Am\u00e9rico Villarreal Anaya, para la conservaci\u00f3n de la naturaleza y el fomento de actividades deportivas, en armon\u00eda con el entorno de cada rinc\u00f3n de Tamaulipas.<\/p>\n","protected":false},"excerpt":{"rendered":"<p>-Con la \u201cExpo Caza y Pesca Tamaulipas 2023\u201d, se reforzaron las acciones para la promoci\u00f3n a nivel nacional e internacional para atraer cazadores de especies de pelo o pluma Por: Agencias Ciudad Victoria, Tamaulipas.- Como parte de las acciones para impulsar la promoci\u00f3n del turismo cineg\u00e9tico y la conservaci\u00f3n de la naturaleza de la regi\u00f3n, &hellip;<\/p>\n","protected":false},"author":1,"featured_media":883,"comment_status":"open","ping_status":"open","sticky":false,"template":"","format":"standard","meta":{"footnotes":""},"categories":[39],"tags":[],"class_list":["post-882","post","type-post","status-publish","format-standard","has-post-thumbnail","","category-tamaulipas"],"_links":{"self":[{"href":"https:\/\/www.radiointeractivo.com.mx\/index.php?rest_route=\/wp\/v2\/posts\/882","targetHints":{"allow":["GET"]}}],"collection":[{"href":"https:\/\/www.radiointeractivo.com.mx\/index.php?rest_route=\/wp\/v2\/posts"}],"about":[{"href":"https:\/\/www.radiointeractivo.com.mx\/index.php?rest_route=\/wp\/v2\/types\/post"}],"author":[{"embeddable":true,"href":"https:\/\/www.radiointeractivo.com.mx\/index.php?rest_route=\/wp\/v2\/users\/1"}],"replies":[{"embeddable":true,"href":"https:\/\/www.radiointeractivo.com.mx\/index.php?rest_route=%2Fwp%2Fv2%2Fcomments&post=882"}],"version-history":[{"count":1,"href":"https:\/\/www.radiointeractivo.com.mx\/index.php?rest_route=\/wp\/v2\/posts\/882\/revisions"}],"predecessor-version":[{"id":884,"href":"https:\/\/www.radiointeractivo.com.mx\/index.php?rest_route=\/wp\/v2\/posts\/882\/revisions\/884"}],"wp:featuredmedia":[{"embeddable":true,"href":"https:\/\/www.radiointeractivo.com.mx\/index.php?rest_route=\/wp\/v2\/media\/883"}],"wp:attachment":[{"href":"https:\/\/www.radiointeractivo.com.mx\/index.php?rest_route=%2Fwp%2Fv2%2Fmedia&parent=882"}],"wp:term":[{"taxonomy":"category","embeddable":true,"href":"https:\/\/www.radiointeractivo.com.mx\/index.php?rest_route=%2Fwp%2Fv2%2Fcategories&post=882"},{"taxonomy":"post_tag","embeddable":true,"href":"https:\/\/www.radiointeractivo.com.mx\/index.php?rest_route=%2Fwp%2Fv2%2Ftags&post=882"}],"curies":[{"name":"wp","href":"https:\/\/api.w.org\/{rel}","templated":true}]}}