{"id":8799,"date":"2024-07-05T17:57:15","date_gmt":"2024-07-05T22:57:15","guid":{"rendered":"https:\/\/www.radiointeractivo.com.mx\/?p=8799"},"modified":"2024-07-05T17:57:16","modified_gmt":"2024-07-05T22:57:16","slug":"participa-tamaulipas-en-la-lxxii-reunion-nacional-de-la-comision-permanente-de-contralores-estados-federacion","status":"publish","type":"post","link":"https:\/\/www.radiointeractivo.com.mx\/?p=8799","title":{"rendered":"Participa Tamaulipas en la LXXII Reuni\u00f3n Nacional de la Comisi\u00f3n Permanente de Contralores Estados- Federaci\u00f3n"},"content":{"rendered":"\n<figure class=\"wp-block-image size-large\"><img loading=\"lazy\" decoding=\"async\" width=\"1024\" height=\"477\" src=\"https:\/\/www.radiointeractivo.com.mx\/wp-content\/uploads\/2024\/07\/WhatsApp-Image-2024-07-05-at-4.20.13-PM-1-1024x477.jpeg\" alt=\"\" class=\"wp-image-8800\" srcset=\"https:\/\/www.radiointeractivo.com.mx\/wp-content\/uploads\/2024\/07\/WhatsApp-Image-2024-07-05-at-4.20.13-PM-1-1024x477.jpeg 1024w, https:\/\/www.radiointeractivo.com.mx\/wp-content\/uploads\/2024\/07\/WhatsApp-Image-2024-07-05-at-4.20.13-PM-1-300x140.jpeg 300w, https:\/\/www.radiointeractivo.com.mx\/wp-content\/uploads\/2024\/07\/WhatsApp-Image-2024-07-05-at-4.20.13-PM-1-768x358.jpeg 768w, https:\/\/www.radiointeractivo.com.mx\/wp-content\/uploads\/2024\/07\/WhatsApp-Image-2024-07-05-at-4.20.13-PM-1-1536x716.jpeg 1536w, https:\/\/www.radiointeractivo.com.mx\/wp-content\/uploads\/2024\/07\/WhatsApp-Image-2024-07-05-at-4.20.13-PM-1.jpeg 1600w\" sizes=\"auto, (max-width: 1024px) 100vw, 1024px\" \/><\/figure>\n\n\n\n<p>Por: Agencias<\/p>\n\n\n\n<p>La Paz, Baja California. &#8211; La contralora gubernamental, Norma Ang\u00e9lica Pedraza Melo, participa con la representaci\u00f3n de Tamaulipas en la LXXII Reuni\u00f3n Nacional de la Comisi\u00f3n Permanente de Contralores Estados &#8211; Federaci\u00f3n (CPCE-F).<\/p>\n\n\n\n<p>Durante el evento que se realiza en La Paz, Baja California, se abordan temas como los avances en fiscalizaci\u00f3n y gesti\u00f3n p\u00fablica. Tambi\u00e9n se presentar\u00e1n los proyectos de las coordinaciones regionales del Programa Anual de Trabajo 2024.<\/p>\n\n\n\n<p>En el acto protocolario de inauguraci\u00f3n estuvieron presentes: Roberto Salcedo Aquino, secretario de la Funci\u00f3n P\u00fablica y presidente de la Comisi\u00f3n Permanente de Contralores Estados Federaci\u00f3n, quien en su mensaje afirm\u00f3: \u201cEl discernimiento entre lo principal y lo accesorio es fundamental en nuestro trabajo de control, tenemos que atender que el ejercicio del gasto p\u00fablico se realice con eficiencia y probidad\u201d.<\/p>\n\n\n\n<p>La reuni\u00f3n nacional incluye 12 conferencias, dos mesas de an\u00e1lisis, presentaci\u00f3n de libros, as\u00ed como avances y proyectos de los contralores estatales centrados en la transparencia y apoyos internacionales para el combate a la corrupci\u00f3n y buenas pr\u00e1cticas en los procesos de investigaci\u00f3n.<\/p>\n\n\n\n<p>Participan tambi\u00e9n contralores y tesoreros de Estados Unidos de Norteam\u00e9rica; Rosa Cristina Buend\u00eda Soto, contralora del estado de Baja California Sur y coordinadora nacional de la CPCE-F, en representaci\u00f3n de V\u00edctor Manuel Castro Cos\u00edo, gobernador del estado anfitri\u00f3n, y Bertha Monta\u00f1o Cota, secretaria de Finanzas y Administraci\u00f3n de ese estado.<\/p>\n","protected":false},"excerpt":{"rendered":"<p>Por: Agencias La Paz, Baja California. &#8211; La contralora gubernamental, Norma Ang\u00e9lica Pedraza Melo, participa con la representaci\u00f3n de Tamaulipas en la LXXII Reuni\u00f3n Nacional de la Comisi\u00f3n Permanente de Contralores Estados &#8211; Federaci\u00f3n (CPCE-F). Durante el evento que se realiza en La Paz, Baja California, se abordan temas como los avances en fiscalizaci\u00f3n y &hellip;<\/p>\n","protected":false},"author":1,"featured_media":8801,"comment_status":"open","ping_status":"open","sticky":false,"template":"","format":"standard","meta":{"footnotes":""},"categories":[39],"tags":[],"class_list":["post-8799","post","type-post","status-publish","format-standard","has-post-thumbnail","","category-tamaulipas"],"_links":{"self":[{"href":"https:\/\/www.radiointeractivo.com.mx\/index.php?rest_route=\/wp\/v2\/posts\/8799","targetHints":{"allow":["GET"]}}],"collection":[{"href":"https:\/\/www.radiointeractivo.com.mx\/index.php?rest_route=\/wp\/v2\/posts"}],"about":[{"href":"https:\/\/www.radiointeractivo.com.mx\/index.php?rest_route=\/wp\/v2\/types\/post"}],"author":[{"embeddable":true,"href":"https:\/\/www.radiointeractivo.com.mx\/index.php?rest_route=\/wp\/v2\/users\/1"}],"replies":[{"embeddable":true,"href":"https:\/\/www.radiointeractivo.com.mx\/index.php?rest_route=%2Fwp%2Fv2%2Fcomments&post=8799"}],"version-history":[{"count":1,"href":"https:\/\/www.radiointeractivo.com.mx\/index.php?rest_route=\/wp\/v2\/posts\/8799\/revisions"}],"predecessor-version":[{"id":8802,"href":"https:\/\/www.radiointeractivo.com.mx\/index.php?rest_route=\/wp\/v2\/posts\/8799\/revisions\/8802"}],"wp:featuredmedia":[{"embeddable":true,"href":"https:\/\/www.radiointeractivo.com.mx\/index.php?rest_route=\/wp\/v2\/media\/8801"}],"wp:attachment":[{"href":"https:\/\/www.radiointeractivo.com.mx\/index.php?rest_route=%2Fwp%2Fv2%2Fmedia&parent=8799"}],"wp:term":[{"taxonomy":"category","embeddable":true,"href":"https:\/\/www.radiointeractivo.com.mx\/index.php?rest_route=%2Fwp%2Fv2%2Fcategories&post=8799"},{"taxonomy":"post_tag","embeddable":true,"href":"https:\/\/www.radiointeractivo.com.mx\/index.php?rest_route=%2Fwp%2Fv2%2Ftags&post=8799"}],"curies":[{"name":"wp","href":"https:\/\/api.w.org\/{rel}","templated":true}]}}