{"id":879,"date":"2023-09-01T19:33:52","date_gmt":"2023-09-01T19:33:52","guid":{"rendered":"https:\/\/www.radiointeractivo.com.mx\/?p=879"},"modified":"2023-09-01T19:33:52","modified_gmt":"2023-09-01T19:33:52","slug":"otorga-gobierno-de-tamaulipas-atencion-integral-a-personas-mayores","status":"publish","type":"post","link":"https:\/\/www.radiointeractivo.com.mx\/?p=879","title":{"rendered":"Otorga Gobierno de Tamaulipas atenci\u00f3n integral a personas mayores"},"content":{"rendered":"\n<p>Por: Agencias<\/p>\n\n\n\n<p>Ciudad Victoria, Tamaulipas.- Para implementar las pol\u00edticas p\u00fablicas del gobierno humanista de Am\u00e9rico Villarreal Anaya, en favor de la salud, bienestar pleno, trato digno y respeto de los derechos humanos de las personas mayores de Tamaulipas, la Secretar\u00eda de Salud puso en marcha el plan de acci\u00f3n de \u201dAtenci\u00f3n al Envejecimiento 2023-2028\u201d.<\/p>\n\n\n\n<p>El titular de la dependencia, Vicente Joel Hern\u00e1ndez Navarro, se\u00f1al\u00f3 que la estrategia de atenci\u00f3n, contempla l\u00edneas de acci\u00f3n que permitan valorar y respetar a las personas adultas mayores; as\u00ed como la atenci\u00f3n integral de los problemas de salud que requieran y para ello, la coordinaci\u00f3n interinstitucional e intersectorial es fundamental.<\/p>\n\n\n\n<p>\u201cEn respuesta al desaf\u00edo que representa la atenci\u00f3n a las personas adultas mayores, el doctor Am\u00e9rico Villarreal Anaya, tambi\u00e9n contempla las necesidades de atenci\u00f3n de este grupo de poblaci\u00f3n en su Plan Estatal de Desarrollo 2023-2028, en donde la prioridad se centra en atender de manera integral su salud\u201d, afirm\u00f3.<\/p>\n\n\n\n<p>Indic\u00f3 que M\u00e9xico se encuentra en un acelerado proceso de envejecimiento poblacional, que tiene un alto impacto econ\u00f3mico y social en el bienestar y calidad de vida de las y los adultos mayores, sus familias y en el desarrollo de la entidad, es por eso que se plantean grandes retos de atenci\u00f3n integral para sus diversas necesidades como son las educativas, laborales, de salud, de asistencia social, entre otras y Tamaulipas no es la excepci\u00f3n.<\/p>\n\n\n\n<p>Cabe mencionar que en el 2020, 12 de cada 100 tamaulipecos ten\u00edan 60 y m\u00e1s a\u00f1os; el 38% de ellos se encontraban en situaci\u00f3n de pobreza, con alta prevalencia de enfermedades cr\u00f3nico- degenerativas y con un acceso limitado a los servicios de salud; se estima que para el a\u00f1o 2050 ese porcentaje de personas mayores se habr\u00e1 duplicado.<\/p>\n\n\n\n<p>En este sentido y para dar cumplimento a las acciones enfocadas a este grupo de poblaci\u00f3n, la Secretar\u00eda de Salud cuenta con el Comit\u00e9 de Atenci\u00f3n al Envejecimiento (COESAEN) \u00f3rgano colegiado auxiliar de la dependencia estatal, que promueve mediante la coordinaci\u00f3n interinstitucional e intersectorial, la atenci\u00f3n integral de la salud de las personas mayores desde la perspectiva del envejecimiento saludable y del pleno respeto a sus derechos humanos.<\/p>\n\n\n\n<p>El COESAEN est\u00e1 integrado por los titulares de las secretar\u00edas del gobierno estatal y organismos de la sociedad civil, que est\u00e1n relacionados al trabajo de mejorar la salud y el bienestar de las personas mayores de Tamaulipas.<\/p>\n","protected":false},"excerpt":{"rendered":"<p>Por: Agencias Ciudad Victoria, Tamaulipas.- Para implementar las pol\u00edticas p\u00fablicas del gobierno humanista de Am\u00e9rico Villarreal Anaya, en favor de la salud, bienestar pleno, trato digno y respeto de los derechos humanos de las personas mayores de Tamaulipas, la Secretar\u00eda de Salud puso en marcha el plan de acci\u00f3n de \u201dAtenci\u00f3n al Envejecimiento 2023-2028\u201d. El &hellip;<\/p>\n","protected":false},"author":1,"featured_media":880,"comment_status":"open","ping_status":"open","sticky":false,"template":"","format":"standard","meta":{"footnotes":""},"categories":[39],"tags":[],"class_list":["post-879","post","type-post","status-publish","format-standard","has-post-thumbnail","","category-tamaulipas"],"_links":{"self":[{"href":"https:\/\/www.radiointeractivo.com.mx\/index.php?rest_route=\/wp\/v2\/posts\/879","targetHints":{"allow":["GET"]}}],"collection":[{"href":"https:\/\/www.radiointeractivo.com.mx\/index.php?rest_route=\/wp\/v2\/posts"}],"about":[{"href":"https:\/\/www.radiointeractivo.com.mx\/index.php?rest_route=\/wp\/v2\/types\/post"}],"author":[{"embeddable":true,"href":"https:\/\/www.radiointeractivo.com.mx\/index.php?rest_route=\/wp\/v2\/users\/1"}],"replies":[{"embeddable":true,"href":"https:\/\/www.radiointeractivo.com.mx\/index.php?rest_route=%2Fwp%2Fv2%2Fcomments&post=879"}],"version-history":[{"count":1,"href":"https:\/\/www.radiointeractivo.com.mx\/index.php?rest_route=\/wp\/v2\/posts\/879\/revisions"}],"predecessor-version":[{"id":881,"href":"https:\/\/www.radiointeractivo.com.mx\/index.php?rest_route=\/wp\/v2\/posts\/879\/revisions\/881"}],"wp:featuredmedia":[{"embeddable":true,"href":"https:\/\/www.radiointeractivo.com.mx\/index.php?rest_route=\/wp\/v2\/media\/880"}],"wp:attachment":[{"href":"https:\/\/www.radiointeractivo.com.mx\/index.php?rest_route=%2Fwp%2Fv2%2Fmedia&parent=879"}],"wp:term":[{"taxonomy":"category","embeddable":true,"href":"https:\/\/www.radiointeractivo.com.mx\/index.php?rest_route=%2Fwp%2Fv2%2Fcategories&post=879"},{"taxonomy":"post_tag","embeddable":true,"href":"https:\/\/www.radiointeractivo.com.mx\/index.php?rest_route=%2Fwp%2Fv2%2Ftags&post=879"}],"curies":[{"name":"wp","href":"https:\/\/api.w.org\/{rel}","templated":true}]}}