{"id":8783,"date":"2024-07-05T13:54:14","date_gmt":"2024-07-05T18:54:14","guid":{"rendered":"https:\/\/www.radiointeractivo.com.mx\/?p=8783"},"modified":"2024-07-05T13:54:16","modified_gmt":"2024-07-05T18:54:16","slug":"invita-gobierno-municipal-a-talleres-de-verano-en-bibliotecas-museos-y-espacios-culturales","status":"publish","type":"post","link":"https:\/\/www.radiointeractivo.com.mx\/?p=8783","title":{"rendered":"INVITA GOBIERNO MUNICIPAL A \u201cTALLERES DE VERANO\u201d EN BIBLIOTECAS, MUSEOS Y ESPACIOS CULTURALES"},"content":{"rendered":"\n<figure class=\"wp-block-image size-large\"><img loading=\"lazy\" decoding=\"async\" width=\"1024\" height=\"682\" src=\"https:\/\/www.radiointeractivo.com.mx\/wp-content\/uploads\/2024\/07\/WhatsApp-Image-2024-07-05-at-1.06.40-PM-1024x682.jpeg\" alt=\"\" class=\"wp-image-8784\" srcset=\"https:\/\/www.radiointeractivo.com.mx\/wp-content\/uploads\/2024\/07\/WhatsApp-Image-2024-07-05-at-1.06.40-PM-1024x682.jpeg 1024w, https:\/\/www.radiointeractivo.com.mx\/wp-content\/uploads\/2024\/07\/WhatsApp-Image-2024-07-05-at-1.06.40-PM-300x200.jpeg 300w, https:\/\/www.radiointeractivo.com.mx\/wp-content\/uploads\/2024\/07\/WhatsApp-Image-2024-07-05-at-1.06.40-PM-768x512.jpeg 768w, https:\/\/www.radiointeractivo.com.mx\/wp-content\/uploads\/2024\/07\/WhatsApp-Image-2024-07-05-at-1.06.40-PM-310x205.jpeg 310w, https:\/\/www.radiointeractivo.com.mx\/wp-content\/uploads\/2024\/07\/WhatsApp-Image-2024-07-05-at-1.06.40-PM.jpeg 1280w\" sizes=\"auto, (max-width: 1024px) 100vw, 1024px\" \/><\/figure>\n\n\n\n<p>Por: Staff | #NuevoLaredo #Laredo #NLD #Tamaulipas<\/p>\n\n\n\n<p>Con la finalidad de que ni\u00f1os y j\u00f3venes tengan una actividad productiva al mismo tiempo que divertida, el Gobierno Municipal, a trav\u00e9s de la Secretar\u00eda de Educaci\u00f3n de Cultura y Deportes, invita a participar en los \u201cCampamentos de Verano 2024\u201d.<\/p>\n\n\n\n<p>Estos campamentos se realizan aprovechando las vacaciones escolares de verano y tendr\u00e1n como sedes diversos sitios pertenecientes al Gobierno Municipal.<\/p>\n\n\n\n<p>Los campamentos est\u00e1n dise\u00f1ados para que los peque\u00f1os aprendan habilidades art\u00edsticas, pero tambi\u00e9n se contar\u00e1 con un programa de apoyo integral educativo que tiene la finalidad de fortalecer y regularizar a los peque\u00f1os con sus estudios b\u00e1sicos.<\/p>\n\n\n\n<p>Los cursos se llevar\u00e1n a cabo de la siguiente manera:<\/p>\n\n\n\n<p>Sede: Estaci\u00f3n Palabra \u201cGabriel Garc\u00eda M\u00e1rquez\u201d<br>Evento: \u201cLas aventuras de la bruja, el mago y la princesa en el mundo de calabozos y dragones\u201d.<br>Fecha: 1-3 de agosto de las 11:00 AM a l:00 PM<br>Inscripci\u00f3n: 1-31 de julio<br>Informes: 867-712-0972<\/p>\n\n\n\n<p>Sede: Bibliotecas municipales Octavio Paz, Rub\u00e9n Miranda, Emiliano Zapata, Jos\u00e9 Vasconcelos, Jos\u00e9 Mar\u00eda Mart\u00ednez y Fidel Cu\u00e9llar.<br>Evento: \u201cMis vacaciones en la Biblioteca 2024\u201d<br>Fecha: 12-16 agosto, de 10:00 AM a 12:00 PM y 3:00 a 5:00 PM<br>Inscripci\u00f3n: 1-9 julio<br>Informaci\u00f3n: 867-715-2197<\/p>\n\n\n\n<p>Sede: Museos<br>Evento: \u201cCampamento de verano museos\u201d<br>Fecha: 12-16 de agosto de 9:00 AM a 12:00 PM<br>Inscripci\u00f3n: 1-31 de julio<br>Informaci\u00f3n: 867-717-5959<\/p>\n\n\n\n<p>Sede: Casa de la Cultura<br>Evento: Literatura, Danza, Cine, Manualidades y M\u00fasica.<br>Fecha: 5-16 de agosto.<br>Inscripci\u00f3n: 8-31 de julio<\/p>\n\n\n\n<p>Sede: Centro Integral Comunitario UNE \u201cSan Mauricio y Solidaridad, Esc. Juan B. Tejerina, Antonio Eleodoro, Revoluci\u00f3n, Rita del Valle, Olivia Ram\u00edrez y Biblioteca Octavio Paz.<br>Evento: Programa de Apoyo Integral Educativo y Emocional.<br>Fecha: 22 de julio al 14 de agosto; de 8:00 AM a 12:00 PM y 2:00 PM a 6:00 PM.<br>Inscripci\u00f3n: 8-18 de julio<br>Informaci\u00f3n: Direcci\u00f3n de Educaci\u00f3n de 8:00 AM a 3:30 PM; al 867-711-3505<\/p>\n","protected":false},"excerpt":{"rendered":"<p>Por: Staff | #NuevoLaredo #Laredo #NLD #Tamaulipas Con la finalidad de que ni\u00f1os y j\u00f3venes tengan una actividad productiva al mismo tiempo que divertida, el Gobierno Municipal, a trav\u00e9s de la Secretar\u00eda de Educaci\u00f3n de Cultura y Deportes, invita a participar en los \u201cCampamentos de Verano 2024\u201d. Estos campamentos se realizan aprovechando las vacaciones escolares &hellip;<\/p>\n","protected":false},"author":1,"featured_media":8784,"comment_status":"open","ping_status":"open","sticky":false,"template":"","format":"standard","meta":{"footnotes":""},"categories":[38],"tags":[],"class_list":["post-8783","post","type-post","status-publish","format-standard","has-post-thumbnail","","category-nuevo-laredo"],"_links":{"self":[{"href":"https:\/\/www.radiointeractivo.com.mx\/index.php?rest_route=\/wp\/v2\/posts\/8783","targetHints":{"allow":["GET"]}}],"collection":[{"href":"https:\/\/www.radiointeractivo.com.mx\/index.php?rest_route=\/wp\/v2\/posts"}],"about":[{"href":"https:\/\/www.radiointeractivo.com.mx\/index.php?rest_route=\/wp\/v2\/types\/post"}],"author":[{"embeddable":true,"href":"https:\/\/www.radiointeractivo.com.mx\/index.php?rest_route=\/wp\/v2\/users\/1"}],"replies":[{"embeddable":true,"href":"https:\/\/www.radiointeractivo.com.mx\/index.php?rest_route=%2Fwp%2Fv2%2Fcomments&post=8783"}],"version-history":[{"count":1,"href":"https:\/\/www.radiointeractivo.com.mx\/index.php?rest_route=\/wp\/v2\/posts\/8783\/revisions"}],"predecessor-version":[{"id":8785,"href":"https:\/\/www.radiointeractivo.com.mx\/index.php?rest_route=\/wp\/v2\/posts\/8783\/revisions\/8785"}],"wp:featuredmedia":[{"embeddable":true,"href":"https:\/\/www.radiointeractivo.com.mx\/index.php?rest_route=\/wp\/v2\/media\/8784"}],"wp:attachment":[{"href":"https:\/\/www.radiointeractivo.com.mx\/index.php?rest_route=%2Fwp%2Fv2%2Fmedia&parent=8783"}],"wp:term":[{"taxonomy":"category","embeddable":true,"href":"https:\/\/www.radiointeractivo.com.mx\/index.php?rest_route=%2Fwp%2Fv2%2Fcategories&post=8783"},{"taxonomy":"post_tag","embeddable":true,"href":"https:\/\/www.radiointeractivo.com.mx\/index.php?rest_route=%2Fwp%2Fv2%2Ftags&post=8783"}],"curies":[{"name":"wp","href":"https:\/\/api.w.org\/{rel}","templated":true}]}}