{"id":8736,"date":"2024-07-04T13:04:42","date_gmt":"2024-07-04T18:04:42","guid":{"rendered":"https:\/\/www.radiointeractivo.com.mx\/?p=8736"},"modified":"2024-07-04T13:04:44","modified_gmt":"2024-07-04T18:04:44","slug":"concretan-tamaulipas-y-veracruz-zona-metropolitana-interestatal","status":"publish","type":"post","link":"https:\/\/www.radiointeractivo.com.mx\/?p=8736","title":{"rendered":"Concretan Tamaulipas y Veracruz zona metropolitana interestatal"},"content":{"rendered":"\n<figure class=\"wp-block-image size-large\"><img loading=\"lazy\" decoding=\"async\" width=\"1024\" height=\"682\" src=\"https:\/\/www.radiointeractivo.com.mx\/wp-content\/uploads\/2024\/07\/WhatsApp-Image-2024-07-03-at-7.29.07-PM-1024x682.jpeg\" alt=\"\" class=\"wp-image-8737\" srcset=\"https:\/\/www.radiointeractivo.com.mx\/wp-content\/uploads\/2024\/07\/WhatsApp-Image-2024-07-03-at-7.29.07-PM-1024x682.jpeg 1024w, https:\/\/www.radiointeractivo.com.mx\/wp-content\/uploads\/2024\/07\/WhatsApp-Image-2024-07-03-at-7.29.07-PM-300x200.jpeg 300w, https:\/\/www.radiointeractivo.com.mx\/wp-content\/uploads\/2024\/07\/WhatsApp-Image-2024-07-03-at-7.29.07-PM-768x511.jpeg 768w, https:\/\/www.radiointeractivo.com.mx\/wp-content\/uploads\/2024\/07\/WhatsApp-Image-2024-07-03-at-7.29.07-PM-310x205.jpeg 310w, https:\/\/www.radiointeractivo.com.mx\/wp-content\/uploads\/2024\/07\/WhatsApp-Image-2024-07-03-at-7.29.07-PM.jpeg 1500w\" sizes=\"auto, (max-width: 1024px) 100vw, 1024px\" \/><\/figure>\n\n\n\n<p>-Los municipios de P\u00e1nuco y Pueblo Viejo se integrar\u00e1n a la zona conurbada de Altamira, Ciudad Madero y Tampico en busca de crear una regi\u00f3n que impulse el crecimiento econ\u00f3mico y la gesti\u00f3n de mejores servicios<\/p>\n\n\n\n<p>Por: Agencias<\/p>\n\n\n\n<p>P\u00e1nuco, Veracruz.- En un esfuerzo por consolidar la gobernanza metropolitana y fortalecer los lazos interestatales, se llev\u00f3 a cabo la presentaci\u00f3n y aprobaci\u00f3n del cronograma para la publicaci\u00f3n del Programa Metropolitano Interestatal de Tampico. Este programa incluye finalmente la integraci\u00f3n de los municipios de P\u00e1nuco y Pueblo Viejo, Veracruz, a la zona conurbada conformada por Altamira, Ciudad Madero y Tampico.<\/p>\n\n\n\n<p>Durante el evento, que se desarroll\u00f3 en la Casa de la Cultura de P\u00e1nuco, la titular de la Secretar\u00eda de Desarrollo Urbano y Medio Ambiente de Tamaulipas (SEDUMA), Karina Lizeth Sald\u00edvar Lartigue, resalt\u00f3 que finalmente se consigui\u00f3 el objetivo de hermanar la zona sur de Tamaulipas con el norte de Veracruz, compromiso adquirido por el gobernador Am\u00e9rico Villarreal Anaya desde el inicio de su administraci\u00f3n.<\/p>\n\n\n\n<p>\u201cCon este programa, se impulsa la gobernanza metropolitana, se fortalecer\u00e1n los lazos interestatales. Hoy, despu\u00e9s de un a\u00f1o y ocho meses de administraci\u00f3n, estamos viendo que esto se hace realidad. Aqu\u00ed somos testigos de la realidad de estos trabajos en conjunto\u201d.<\/p>\n\n\n\n<p>Sald\u00edvar Lartigue enfatiz\u00f3 que, con estas acciones, se espera un fortalecimiento de la regi\u00f3n y una mejora en la calidad de vida de casi un mill\u00f3n de habitantes a trav\u00e9s de una gesti\u00f3n integral y colaborativa.<\/p>\n\n\n\n<p>Por su parte, el coordinador general de Desarrollo Metropolitano y Movilidad de la Secretar\u00eda de Desarrollo Agrario, Territorial y Urbano (SEDATU), \u00c1lvaro Lomel\u00ed Covarrubias, destac\u00f3 que esta uni\u00f3n pactada entre las dos entidades permitir\u00e1 la gesti\u00f3n de recursos federales e internacionales, que posibiliten el desarrollo de acciones o programas que beneficien el crecimiento ordenado de los municipios.<\/p>\n\n\n\n<p>\u201cEs una herramienta que de aqu\u00ed en adelante se puede fortalecer y que le permita a la regi\u00f3n desarrollarse mejor. Este documento permitir\u00e1 armonizar y bajar de escala la visi\u00f3n regional metropolitana. Se est\u00e1 trabajando en el caso de los dos municipios de Veracruz en el Programa Municipal de Desarrollo Urbano, y se est\u00e1 trabajando en las escalas municipales para otorgar o no licencias de construcci\u00f3n, dirigiendo el desarrollo hacia una mejor v\u00eda\u201d.<\/p>\n\n\n\n<p>El secretario de Desarrollo Social del Gobierno de Veracruz, Guillermo Fern\u00e1ndez S\u00e1nchez, subray\u00f3 la importancia de los instrumentos presentados para impulsar el desarrollo de una de las regiones m\u00e1s importantes del pa\u00eds.<\/p>\n\n\n\n<p>\u201cSon instrumentos tan importantes porque traen un diagn\u00f3stico situacional de diferentes aspectos del territorio. Adem\u00e1s, incluyen cartograf\u00eda y proyectos que ser\u00e1n \u00fatiles para que el consejo consultivo, junto con los alcaldes y los gobiernos estatales, empujen el desarrollo de esta zona metropolitana\u201d.<\/p>\n\n\n\n<p>Como anfitri\u00f3n, el alcalde de P\u00e1nuco, \u00d3scar Guzm\u00e1n de Paz, enfatiz\u00f3 la necesidad de apoyar la generaci\u00f3n de alimentos de manera paralela al desarrollo industrial y tur\u00edstico del sur de Tamaulipas y norte de Veracruz.<\/p>\n\n\n\n<p>\u201cMuchas veces nos enfocamos en el desarrollo tur\u00edstico, comercial y empresarial, pero no podemos olvidar la producci\u00f3n de alimentos, que es esencial para generar dinero, empleo, desarrollo y bienestar. No podemos vivir sin alimento y creo que debe ser uno de los principales objetivos: ser autosuficientes y autosustentables\u201d.<\/p>\n\n\n\n<p>Como parte de la reuni\u00f3n, tambi\u00e9n se firm\u00f3 el convenio de coordinaci\u00f3n y se designaron al presidente y secretario t\u00e9cnico del Consejo Consultivo de Desarrollo Metropolitano de la Zona Metropolitana Interestatal Tamaulipas-Veracruz, cargos asumidos por Edgardo Jonathan Su\u00e1rez Dom\u00ednguez y David Marcelo Granados Ram\u00edrez, respectivamente.<\/p>\n\n\n\n<p>Entre los asistentes se cont\u00f3 con la presencia de la alcaldesa de Pueblo Viejo, Veracruz, Valeria Nieto Reynoso; el alcalde de Altamira, Armando Mart\u00ednez Manr\u00edquez; y el alcalde en funciones de Ciudad Madero, Armando Mar Sobrevilla, adem\u00e1s de funcionarios de los tres niveles de gobierno y de ambas entidades.<\/p>\n","protected":false},"excerpt":{"rendered":"<p>-Los municipios de P\u00e1nuco y Pueblo Viejo se integrar\u00e1n a la zona conurbada de Altamira, Ciudad Madero y Tampico en busca de crear una regi\u00f3n que impulse el crecimiento econ\u00f3mico y la gesti\u00f3n de mejores servicios Por: Agencias P\u00e1nuco, Veracruz.- En un esfuerzo por consolidar la gobernanza metropolitana y fortalecer los lazos interestatales, se llev\u00f3 &hellip;<\/p>\n","protected":false},"author":1,"featured_media":8737,"comment_status":"open","ping_status":"open","sticky":false,"template":"","format":"standard","meta":{"footnotes":""},"categories":[39],"tags":[],"class_list":["post-8736","post","type-post","status-publish","format-standard","has-post-thumbnail","","category-tamaulipas"],"_links":{"self":[{"href":"https:\/\/www.radiointeractivo.com.mx\/index.php?rest_route=\/wp\/v2\/posts\/8736","targetHints":{"allow":["GET"]}}],"collection":[{"href":"https:\/\/www.radiointeractivo.com.mx\/index.php?rest_route=\/wp\/v2\/posts"}],"about":[{"href":"https:\/\/www.radiointeractivo.com.mx\/index.php?rest_route=\/wp\/v2\/types\/post"}],"author":[{"embeddable":true,"href":"https:\/\/www.radiointeractivo.com.mx\/index.php?rest_route=\/wp\/v2\/users\/1"}],"replies":[{"embeddable":true,"href":"https:\/\/www.radiointeractivo.com.mx\/index.php?rest_route=%2Fwp%2Fv2%2Fcomments&post=8736"}],"version-history":[{"count":1,"href":"https:\/\/www.radiointeractivo.com.mx\/index.php?rest_route=\/wp\/v2\/posts\/8736\/revisions"}],"predecessor-version":[{"id":8738,"href":"https:\/\/www.radiointeractivo.com.mx\/index.php?rest_route=\/wp\/v2\/posts\/8736\/revisions\/8738"}],"wp:featuredmedia":[{"embeddable":true,"href":"https:\/\/www.radiointeractivo.com.mx\/index.php?rest_route=\/wp\/v2\/media\/8737"}],"wp:attachment":[{"href":"https:\/\/www.radiointeractivo.com.mx\/index.php?rest_route=%2Fwp%2Fv2%2Fmedia&parent=8736"}],"wp:term":[{"taxonomy":"category","embeddable":true,"href":"https:\/\/www.radiointeractivo.com.mx\/index.php?rest_route=%2Fwp%2Fv2%2Fcategories&post=8736"},{"taxonomy":"post_tag","embeddable":true,"href":"https:\/\/www.radiointeractivo.com.mx\/index.php?rest_route=%2Fwp%2Fv2%2Ftags&post=8736"}],"curies":[{"name":"wp","href":"https:\/\/api.w.org\/{rel}","templated":true}]}}