{"id":8723,"date":"2024-07-03T16:53:17","date_gmt":"2024-07-03T21:53:17","guid":{"rendered":"https:\/\/www.radiointeractivo.com.mx\/?p=8723"},"modified":"2024-07-03T16:53:19","modified_gmt":"2024-07-03T21:53:19","slug":"recuperan-la-vista-mas-de-100-ciudadanos-gracias-campana-de-operacion-de-cataratas-del-sistema-dif","status":"publish","type":"post","link":"https:\/\/www.radiointeractivo.com.mx\/?p=8723","title":{"rendered":"RECUPERAN LA VISTA M\u00c1S DE 100 CIUDADANOS GRACIAS CAMPA\u00d1A DE OPERACI\u00d3N DE CATARATAS DEL SISTEMA DIF"},"content":{"rendered":"\n<figure class=\"wp-block-image size-large\"><img loading=\"lazy\" decoding=\"async\" width=\"1024\" height=\"682\" src=\"https:\/\/www.radiointeractivo.com.mx\/wp-content\/uploads\/2024\/07\/WhatsApp-Image-2024-07-03-at-3.32.57-PM-2-1024x682.jpeg\" alt=\"\" class=\"wp-image-8724\" srcset=\"https:\/\/www.radiointeractivo.com.mx\/wp-content\/uploads\/2024\/07\/WhatsApp-Image-2024-07-03-at-3.32.57-PM-2-1024x682.jpeg 1024w, https:\/\/www.radiointeractivo.com.mx\/wp-content\/uploads\/2024\/07\/WhatsApp-Image-2024-07-03-at-3.32.57-PM-2-300x200.jpeg 300w, https:\/\/www.radiointeractivo.com.mx\/wp-content\/uploads\/2024\/07\/WhatsApp-Image-2024-07-03-at-3.32.57-PM-2-768x512.jpeg 768w, https:\/\/www.radiointeractivo.com.mx\/wp-content\/uploads\/2024\/07\/WhatsApp-Image-2024-07-03-at-3.32.57-PM-2-310x205.jpeg 310w, https:\/\/www.radiointeractivo.com.mx\/wp-content\/uploads\/2024\/07\/WhatsApp-Image-2024-07-03-at-3.32.57-PM-2.jpeg 1280w\" sizes=\"auto, (max-width: 1024px) 100vw, 1024px\" \/><\/figure>\n\n\n\n<p>Por: Staff | #NuevoLaredo #Laredo #NLD #Tamaulipas<\/p>\n\n\n\n<p>Cumpliendo con el compromiso de mejorar la calidad de vida de las familias neolaredenses, proporcionando servicios m\u00e9dicos especializados y de alto impacto social; el Sistema para el Desarrollo Integral de la Familia (DIF) de Nuevo Laredo, llev\u00f3 a cabo la Sexta Campa\u00f1a de Operaci\u00f3n de Cataratas, beneficiando a 110 pacientes.<\/p>\n\n\n\n<p>Las cirug\u00edas fueron realizadas durante un per\u00edodo de tres d\u00edas en el Hospital San Gerardo por parte de la Dra. Karen Mer\u00edt Hern\u00e1ndez Olgu\u00edn, Especialista en Oftalmolog\u00eda y miembro de la Sociedad Mexicana de Oftalmolog\u00eda.<\/p>\n\n\n\n<p>Adem\u00e1s, personal de Trabajo Social y \u00c1rea M\u00e9dica atendieron y brindaron recomendaciones a los pacientes y sus familias.<\/p>\n\n\n\n<p>Esta campa\u00f1a es parte de un programa permanente que ha beneficiado a m\u00e1s de 800 personas hasta la fecha, permiti\u00e9ndoles recuperar la visi\u00f3n y recibir atenci\u00f3n oftalmol\u00f3gica de primera calidad.<\/p>\n\n\n\n<p>La presidenta del DIF Nuevo Laredo, Claudette Canturosas Villarreal, quien se reuni\u00f3n con los pacientes y sus familiares al salir de la intervenci\u00f3n dijo que, a trav\u00e9s de este programa permanente, cientos de personas han logrado recuperar su visi\u00f3n recibiendo una atenci\u00f3n de primera calidad<\/p>\n\n\n\n<p>&#8220;El Sistema DIF en conjunto con el gobierno municipal tenemos el compromiso de llevar bienestar y mejorar la calidad de vida de las familias neolaredenses y juntos Tocando Corazones lo estamos cumpliendo&#8221;, resalt\u00f3.<\/p>\n\n\n\n<p>Cabe destacar que el 20 por ciento de las operaciones fueron financiadas con los fondos recaudados durante el segundo juego de b\u00e9isbol con causa a beneficio del DIF que realizaron los Tecos de los Dos Laredos en marzo de este a\u00f1o.<\/p>\n\n\n\n<p>Esta iniciativa no solo mejora la salud visual de los beneficiarios, sino que tambi\u00e9n alivia la carga econ\u00f3mica que representa esta cirug\u00eda.<\/p>\n\n\n\n<p>El Sistema DIF reiter\u00f3 su compromiso con la comunidad de Nuevo Laredo, trabajando incansablemente para ofrecer servicios de salud accesibles y de calidad que impacten positivamente en la vida de sus habitantes.<\/p>\n","protected":false},"excerpt":{"rendered":"<p>Por: Staff | #NuevoLaredo #Laredo #NLD #Tamaulipas Cumpliendo con el compromiso de mejorar la calidad de vida de las familias neolaredenses, proporcionando servicios m\u00e9dicos especializados y de alto impacto social; el Sistema para el Desarrollo Integral de la Familia (DIF) de Nuevo Laredo, llev\u00f3 a cabo la Sexta Campa\u00f1a de Operaci\u00f3n de Cataratas, beneficiando a &hellip;<\/p>\n","protected":false},"author":1,"featured_media":8725,"comment_status":"open","ping_status":"open","sticky":false,"template":"","format":"standard","meta":{"footnotes":""},"categories":[38],"tags":[],"class_list":["post-8723","post","type-post","status-publish","format-standard","has-post-thumbnail","","category-nuevo-laredo"],"_links":{"self":[{"href":"https:\/\/www.radiointeractivo.com.mx\/index.php?rest_route=\/wp\/v2\/posts\/8723","targetHints":{"allow":["GET"]}}],"collection":[{"href":"https:\/\/www.radiointeractivo.com.mx\/index.php?rest_route=\/wp\/v2\/posts"}],"about":[{"href":"https:\/\/www.radiointeractivo.com.mx\/index.php?rest_route=\/wp\/v2\/types\/post"}],"author":[{"embeddable":true,"href":"https:\/\/www.radiointeractivo.com.mx\/index.php?rest_route=\/wp\/v2\/users\/1"}],"replies":[{"embeddable":true,"href":"https:\/\/www.radiointeractivo.com.mx\/index.php?rest_route=%2Fwp%2Fv2%2Fcomments&post=8723"}],"version-history":[{"count":1,"href":"https:\/\/www.radiointeractivo.com.mx\/index.php?rest_route=\/wp\/v2\/posts\/8723\/revisions"}],"predecessor-version":[{"id":8726,"href":"https:\/\/www.radiointeractivo.com.mx\/index.php?rest_route=\/wp\/v2\/posts\/8723\/revisions\/8726"}],"wp:featuredmedia":[{"embeddable":true,"href":"https:\/\/www.radiointeractivo.com.mx\/index.php?rest_route=\/wp\/v2\/media\/8725"}],"wp:attachment":[{"href":"https:\/\/www.radiointeractivo.com.mx\/index.php?rest_route=%2Fwp%2Fv2%2Fmedia&parent=8723"}],"wp:term":[{"taxonomy":"category","embeddable":true,"href":"https:\/\/www.radiointeractivo.com.mx\/index.php?rest_route=%2Fwp%2Fv2%2Fcategories&post=8723"},{"taxonomy":"post_tag","embeddable":true,"href":"https:\/\/www.radiointeractivo.com.mx\/index.php?rest_route=%2Fwp%2Fv2%2Ftags&post=8723"}],"curies":[{"name":"wp","href":"https:\/\/api.w.org\/{rel}","templated":true}]}}