{"id":8699,"date":"2024-07-02T23:20:07","date_gmt":"2024-07-03T04:20:07","guid":{"rendered":"https:\/\/www.radiointeractivo.com.mx\/?p=8699"},"modified":"2024-07-02T23:20:08","modified_gmt":"2024-07-03T04:20:08","slug":"reune-dif-tamaulipas-mas-de-17-toneladas-de-viveres-para-las-familias-afectadas-por-alberto","status":"publish","type":"post","link":"https:\/\/www.radiointeractivo.com.mx\/?p=8699","title":{"rendered":"Re\u00fane DIF Tamaulipas m\u00e1s de 17 toneladas de v\u00edveres para las familias afectadas por \u201cAlberto\u201d"},"content":{"rendered":"\n<figure class=\"wp-block-image size-large\"><img loading=\"lazy\" decoding=\"async\" width=\"1024\" height=\"682\" src=\"https:\/\/www.radiointeractivo.com.mx\/wp-content\/uploads\/2024\/07\/WhatsApp-Image-2024-07-02-at-3.36.24-PM-2-1024x682.jpeg\" alt=\"\" class=\"wp-image-8700\" srcset=\"https:\/\/www.radiointeractivo.com.mx\/wp-content\/uploads\/2024\/07\/WhatsApp-Image-2024-07-02-at-3.36.24-PM-2-1024x682.jpeg 1024w, https:\/\/www.radiointeractivo.com.mx\/wp-content\/uploads\/2024\/07\/WhatsApp-Image-2024-07-02-at-3.36.24-PM-2-300x200.jpeg 300w, https:\/\/www.radiointeractivo.com.mx\/wp-content\/uploads\/2024\/07\/WhatsApp-Image-2024-07-02-at-3.36.24-PM-2-768x512.jpeg 768w, https:\/\/www.radiointeractivo.com.mx\/wp-content\/uploads\/2024\/07\/WhatsApp-Image-2024-07-02-at-3.36.24-PM-2-1536x1023.jpeg 1536w, https:\/\/www.radiointeractivo.com.mx\/wp-content\/uploads\/2024\/07\/WhatsApp-Image-2024-07-02-at-3.36.24-PM-2-310x205.jpeg 310w, https:\/\/www.radiointeractivo.com.mx\/wp-content\/uploads\/2024\/07\/WhatsApp-Image-2024-07-02-at-3.36.24-PM-2.jpeg 1600w\" sizes=\"auto, (max-width: 1024px) 100vw, 1024px\" \/><\/figure>\n\n\n\n<p>-Los paquetes de alimentos y de art\u00edculos de limpieza ser\u00e1n distribuidos en Padilla, G\u00fc\u00e9mez, Tula, Llera, Hidalgo, Soto la Marina y San Fernando, en colaboraci\u00f3n con la Secretar\u00eda de Bienestar Social<\/p>\n\n\n\n<p>Por: Agencias<\/p>\n\n\n\n<p>Ciudad Victoria, Tamaulipas. En una muestra de empat\u00eda, solidaridad y colaboraci\u00f3n por parte de la poblaci\u00f3n tamaulipeca, el Sistema DIF Tamaulipas, que preside la doctora Mar\u00eda de Villarreal, ha logrado recaudar m\u00e1s de 17 toneladas de v\u00edveres y productos de limpieza para ayudar a las familias que resultaron afectadas por la tormenta tropical Alberto.<\/p>\n\n\n\n<p>Al primero de julio del presente a\u00f1o, el centro de acopio instalado en las oficinas centrales del DIF Tamaulipas recaud\u00f3 cuatro toneladas y media de alimentos no perecederos y art\u00edculos de limpieza, a las que se suman siete toneladas de v\u00edveres donados por Fundaci\u00f3n Walmart M\u00e9xico y m\u00e1s de cinco mil 500 litros de agua embotellada y leche otorgadas por Fundaci\u00f3n FEMSA.<\/p>\n\n\n\n<p>Con lo recaudado, se prepararon cerca de 500 paquetes de limpieza para el hogar y de higiene personal, m\u00e1s de mil despensas, y 372 litros de leche entera, mismos que ser\u00e1n distribuidos en los municipios de Padilla, G\u00fc\u00e9mez, Tula, Llera, Hidalgo, Soto la Marina y San Fernando, a trav\u00e9s de un plan de apoyo en colaboraci\u00f3n con la Secretar\u00eda de Bienestar Social.<\/p>\n\n\n\n<p>Durante esta semana, el Sistema DIF Tamaulipas continuar\u00e1 recibiendo donativos de diferentes dependencias y organismos del Gobierno del Estado, as\u00ed como de empresas y asociaciones que deseen unirse a los Mensajeros de Paz en esta noble acci\u00f3n.<\/p>\n","protected":false},"excerpt":{"rendered":"<p>-Los paquetes de alimentos y de art\u00edculos de limpieza ser\u00e1n distribuidos en Padilla, G\u00fc\u00e9mez, Tula, Llera, Hidalgo, Soto la Marina y San Fernando, en colaboraci\u00f3n con la Secretar\u00eda de Bienestar Social Por: Agencias Ciudad Victoria, Tamaulipas. En una muestra de empat\u00eda, solidaridad y colaboraci\u00f3n por parte de la poblaci\u00f3n tamaulipeca, el Sistema DIF Tamaulipas, que &hellip;<\/p>\n","protected":false},"author":1,"featured_media":8701,"comment_status":"open","ping_status":"open","sticky":false,"template":"","format":"standard","meta":{"footnotes":""},"categories":[39],"tags":[],"class_list":["post-8699","post","type-post","status-publish","format-standard","has-post-thumbnail","","category-tamaulipas"],"_links":{"self":[{"href":"https:\/\/www.radiointeractivo.com.mx\/index.php?rest_route=\/wp\/v2\/posts\/8699","targetHints":{"allow":["GET"]}}],"collection":[{"href":"https:\/\/www.radiointeractivo.com.mx\/index.php?rest_route=\/wp\/v2\/posts"}],"about":[{"href":"https:\/\/www.radiointeractivo.com.mx\/index.php?rest_route=\/wp\/v2\/types\/post"}],"author":[{"embeddable":true,"href":"https:\/\/www.radiointeractivo.com.mx\/index.php?rest_route=\/wp\/v2\/users\/1"}],"replies":[{"embeddable":true,"href":"https:\/\/www.radiointeractivo.com.mx\/index.php?rest_route=%2Fwp%2Fv2%2Fcomments&post=8699"}],"version-history":[{"count":1,"href":"https:\/\/www.radiointeractivo.com.mx\/index.php?rest_route=\/wp\/v2\/posts\/8699\/revisions"}],"predecessor-version":[{"id":8702,"href":"https:\/\/www.radiointeractivo.com.mx\/index.php?rest_route=\/wp\/v2\/posts\/8699\/revisions\/8702"}],"wp:featuredmedia":[{"embeddable":true,"href":"https:\/\/www.radiointeractivo.com.mx\/index.php?rest_route=\/wp\/v2\/media\/8701"}],"wp:attachment":[{"href":"https:\/\/www.radiointeractivo.com.mx\/index.php?rest_route=%2Fwp%2Fv2%2Fmedia&parent=8699"}],"wp:term":[{"taxonomy":"category","embeddable":true,"href":"https:\/\/www.radiointeractivo.com.mx\/index.php?rest_route=%2Fwp%2Fv2%2Fcategories&post=8699"},{"taxonomy":"post_tag","embeddable":true,"href":"https:\/\/www.radiointeractivo.com.mx\/index.php?rest_route=%2Fwp%2Fv2%2Ftags&post=8699"}],"curies":[{"name":"wp","href":"https:\/\/api.w.org\/{rel}","templated":true}]}}