{"id":8693,"date":"2024-07-02T23:13:43","date_gmt":"2024-07-03T04:13:43","guid":{"rendered":"https:\/\/www.radiointeractivo.com.mx\/?p=8693"},"modified":"2024-07-02T23:13:45","modified_gmt":"2024-07-03T04:13:45","slug":"llama-sst-a-participacion-comunitaria-para-prevenir-el-dengue","status":"publish","type":"post","link":"https:\/\/www.radiointeractivo.com.mx\/?p=8693","title":{"rendered":"Llama SST a participaci\u00f3n comunitaria para prevenir el dengue"},"content":{"rendered":"\n<figure class=\"wp-block-image size-large\"><img loading=\"lazy\" decoding=\"async\" width=\"1024\" height=\"713\" src=\"https:\/\/www.radiointeractivo.com.mx\/wp-content\/uploads\/2024\/07\/WhatsApp-Image-2024-07-02-at-6.23.20-PM-1024x713.jpeg\" alt=\"\" class=\"wp-image-8694\" srcset=\"https:\/\/www.radiointeractivo.com.mx\/wp-content\/uploads\/2024\/07\/WhatsApp-Image-2024-07-02-at-6.23.20-PM-1024x713.jpeg 1024w, https:\/\/www.radiointeractivo.com.mx\/wp-content\/uploads\/2024\/07\/WhatsApp-Image-2024-07-02-at-6.23.20-PM-300x209.jpeg 300w, https:\/\/www.radiointeractivo.com.mx\/wp-content\/uploads\/2024\/07\/WhatsApp-Image-2024-07-02-at-6.23.20-PM-768x535.jpeg 768w, https:\/\/www.radiointeractivo.com.mx\/wp-content\/uploads\/2024\/07\/WhatsApp-Image-2024-07-02-at-6.23.20-PM.jpeg 1200w\" sizes=\"auto, (max-width: 1024px) 100vw, 1024px\" \/><\/figure>\n\n\n\n<p>Por: Agencias<\/p>\n\n\n\n<p>Ciudad Victoria, Tamaulipas.- Para mitigar el impacto que podr\u00eda generar la enfermedad del dengue y el riesgo que representa la acumulaci\u00f3n de agua en objetos inservibles y el exceso de humedad por las lluvias, la Secretar\u00eda de Salud trabaja en el reforzamiento de la vigilancia epidemiol\u00f3gica, la capacitaci\u00f3n del personal m\u00e9dico y de enfermer\u00eda de las unidades de salud y en la coordinaci\u00f3n con las presidencias municipales para hacer frente a este problema de salud p\u00fablica.<\/p>\n\n\n\n<p>Lo anterior lo inform\u00f3 el secretario de Salud, Vicente Joel Hern\u00e1ndez Navarro, al se\u00f1alar que el gobernador, Am\u00e9rico Villarreal Anaya, dio la instrucci\u00f3n para que se act\u00fae de manera inmediata en el tema del dengue, ya que el exceso de humedad y la falta de aplicaci\u00f3n de medidas efectivas en los hogares y zonas afectadas podr\u00eda generar una epidemia de dengue.<\/p>\n\n\n\n<p>&#8220;Debemos actuar, trabajar en las necesidades que se requieren para evitar que aumente el riesgo, buscar la participaci\u00f3n de las dependencias, presidencias municipales y trabajar en conjunto con los estados vecinos como Veracruz y San Luis Potos\u00ed, ya que registran un mayor n\u00famero de casos&#8221;, se\u00f1al\u00f3 Hern\u00e1ndez Navarro.<\/p>\n\n\n\n<p>Dijo que el personal de vectores, epidemiolog\u00eda, promoci\u00f3n de la salud y COEPRIS analizan la situaci\u00f3n de riesgo en las zonas m\u00e1s afectadas por las lluvias y llevan a cabo acciones que limiten el riesgo y la circulaci\u00f3n del zancudo del dengue; tambi\u00e9n se cuenta con recursos humanos e insumos necesarios como los medicamentos y pruebas de laboratorio para dar respuesta inmediata a la atenci\u00f3n.<\/p>\n\n\n\n<p>A la fecha, se han diagnosticado por laboratorio 206 casos de dengue, los cuales se registran en Tampico (63), Altamira (46), Madero (44), Victoria (21), Aldama (12) y el resto se distribuye en los municipios de Matamoros, Reynosa, Soto la Marina, Gonz\u00e1lez y Padilla, aunado a que se reportan m\u00e1s de mil 300 casos probables de la enfermedad.<\/p>\n\n\n\n<p>Con estas estad\u00edsticas, insisti\u00f3 a la poblaci\u00f3n en que participe en medidas como las de patio limpio y eliminaci\u00f3n de criaderos, as\u00ed como apoyar al personal de las brigadas que recorren las zonas, ya que se est\u00e1 en una etapa de &#8220;alerta temprana&#8221;.<\/p>\n\n\n\n<p>Por \u00faltimo, el funcionario estatal destac\u00f3 que el objetivo es estar preparados y dar puntual seguimiento a las acciones de prevenci\u00f3n, ya que si no se hace lo que corresponde como dependencia y como sociedad, este padecimiento podr\u00eda rebasarlos, por ello la importancia de realizar un trabajo en conjunto y permanente.<\/p>\n","protected":false},"excerpt":{"rendered":"<p>Por: Agencias Ciudad Victoria, Tamaulipas.- Para mitigar el impacto que podr\u00eda generar la enfermedad del dengue y el riesgo que representa la acumulaci\u00f3n de agua en objetos inservibles y el exceso de humedad por las lluvias, la Secretar\u00eda de Salud trabaja en el reforzamiento de la vigilancia epidemiol\u00f3gica, la capacitaci\u00f3n del personal m\u00e9dico y de &hellip;<\/p>\n","protected":false},"author":1,"featured_media":8694,"comment_status":"open","ping_status":"open","sticky":false,"template":"","format":"standard","meta":{"footnotes":""},"categories":[39],"tags":[],"class_list":["post-8693","post","type-post","status-publish","format-standard","has-post-thumbnail","","category-tamaulipas"],"_links":{"self":[{"href":"https:\/\/www.radiointeractivo.com.mx\/index.php?rest_route=\/wp\/v2\/posts\/8693","targetHints":{"allow":["GET"]}}],"collection":[{"href":"https:\/\/www.radiointeractivo.com.mx\/index.php?rest_route=\/wp\/v2\/posts"}],"about":[{"href":"https:\/\/www.radiointeractivo.com.mx\/index.php?rest_route=\/wp\/v2\/types\/post"}],"author":[{"embeddable":true,"href":"https:\/\/www.radiointeractivo.com.mx\/index.php?rest_route=\/wp\/v2\/users\/1"}],"replies":[{"embeddable":true,"href":"https:\/\/www.radiointeractivo.com.mx\/index.php?rest_route=%2Fwp%2Fv2%2Fcomments&post=8693"}],"version-history":[{"count":1,"href":"https:\/\/www.radiointeractivo.com.mx\/index.php?rest_route=\/wp\/v2\/posts\/8693\/revisions"}],"predecessor-version":[{"id":8695,"href":"https:\/\/www.radiointeractivo.com.mx\/index.php?rest_route=\/wp\/v2\/posts\/8693\/revisions\/8695"}],"wp:featuredmedia":[{"embeddable":true,"href":"https:\/\/www.radiointeractivo.com.mx\/index.php?rest_route=\/wp\/v2\/media\/8694"}],"wp:attachment":[{"href":"https:\/\/www.radiointeractivo.com.mx\/index.php?rest_route=%2Fwp%2Fv2%2Fmedia&parent=8693"}],"wp:term":[{"taxonomy":"category","embeddable":true,"href":"https:\/\/www.radiointeractivo.com.mx\/index.php?rest_route=%2Fwp%2Fv2%2Fcategories&post=8693"},{"taxonomy":"post_tag","embeddable":true,"href":"https:\/\/www.radiointeractivo.com.mx\/index.php?rest_route=%2Fwp%2Fv2%2Ftags&post=8693"}],"curies":[{"name":"wp","href":"https:\/\/api.w.org\/{rel}","templated":true}]}}