{"id":8680,"date":"2024-07-02T16:27:57","date_gmt":"2024-07-02T21:27:57","guid":{"rendered":"https:\/\/www.radiointeractivo.com.mx\/?p=8680"},"modified":"2024-07-02T16:27:58","modified_gmt":"2024-07-02T21:27:58","slug":"gobierno-municipal-e-iniciativa-privada-mejoran-calidad-de-vida-de-mas-de-200-ciudadanos-con-campana-de-aparatos-auditivos","status":"publish","type":"post","link":"https:\/\/www.radiointeractivo.com.mx\/?p=8680","title":{"rendered":"GOBIERNO MUNICIPAL E INICIATIVA PRIVADA MEJORAN CALIDAD DE VIDA DE M\u00c1S DE 200 CIUDADANOS CON CAMPA\u00d1A DE APARATOS AUDITIVOS"},"content":{"rendered":"\n<figure class=\"wp-block-image size-large\"><img loading=\"lazy\" decoding=\"async\" width=\"1024\" height=\"682\" src=\"https:\/\/www.radiointeractivo.com.mx\/wp-content\/uploads\/2024\/07\/WhatsApp-Image-2024-07-02-at-3.55.11-PM-1024x682.jpeg\" alt=\"\" class=\"wp-image-8681\" srcset=\"https:\/\/www.radiointeractivo.com.mx\/wp-content\/uploads\/2024\/07\/WhatsApp-Image-2024-07-02-at-3.55.11-PM-1024x682.jpeg 1024w, https:\/\/www.radiointeractivo.com.mx\/wp-content\/uploads\/2024\/07\/WhatsApp-Image-2024-07-02-at-3.55.11-PM-300x200.jpeg 300w, https:\/\/www.radiointeractivo.com.mx\/wp-content\/uploads\/2024\/07\/WhatsApp-Image-2024-07-02-at-3.55.11-PM-768x512.jpeg 768w, https:\/\/www.radiointeractivo.com.mx\/wp-content\/uploads\/2024\/07\/WhatsApp-Image-2024-07-02-at-3.55.11-PM-310x205.jpeg 310w, https:\/\/www.radiointeractivo.com.mx\/wp-content\/uploads\/2024\/07\/WhatsApp-Image-2024-07-02-at-3.55.11-PM.jpeg 1280w\" sizes=\"auto, (max-width: 1024px) 100vw, 1024px\" \/><\/figure>\n\n\n\n<p>Por: Staff | #NuevoLaredo #Laredo #NLD #Tamaulipas<\/p>\n\n\n\n<p>El Gobierno Municipal y el Sistema para el Desarrollo Integral de la Familia (DIF), en colaboraci\u00f3n con la Fundaci\u00f3n MVS y Supermercados S-Mart, realizan la cuarta edici\u00f3n de entrega de aparatos de la Campa\u00f1a de Auxiliares Auditivos.<\/p>\n\n\n\n<p>La presidenta municipal Carmen Lilia Canturosas y la presidenta del Sistema DIF Claudette Canturosas Villarreal saludaron a las personas beneficiadas de esta campa\u00f1a que se lleva a cabo en las instalaciones del Centro De Rehabilitaci\u00f3n Integral (CRI)<\/p>\n\n\n\n<p>La alcaldesa destac\u00f3 la relevancia de estos dispositivos,que marcan un cambio significativo en la vida de los beneficiarios.<\/p>\n\n\n\n<p>\u201cEste gobierno se ha caracterizado por ser humanista y sensible a las necesidades de los m\u00e1s vulnerables. Hemos trabajado de la mano del DIF y con empresas socialmente responsables como MVS y Smart para llevar bienestar a cada rinc\u00f3n de esta gran ciudad, y la campa\u00f1a de Aparatos Auditivos es una prueba tangible del compromiso que tenemos con cada habitante de esta comunidad\u201d, se\u00f1al\u00f3.<\/p>\n\n\n\n<p>Por su parte, Carlos Idelfonso Arvisu, Coordinador de Jornada en Campo de la Fundaci\u00f3n MVS, en representaci\u00f3n de Jorge Andr\u00e9s V\u00e1zquez Lara, Director General de la Fundaci\u00f3n MVS, resalt\u00f3 el compromiso de la fundaci\u00f3n con la comunidad mexicana en situaci\u00f3n vulnerable con discapacidad auditiva.<\/p>\n\n\n\n<p>&#8220;Desde hace 13 a\u00f1os, la Fundaci\u00f3n MVS Radio ha trabajado incansablemente para elevar la calidad de vida de los mexicanos a trav\u00e9s de programas como &#8216;Ponte Oreja&#8217;, el cual ha beneficiado a m\u00e1s de 81 mil personas en 28 estados de la Rep\u00fablica Mexicana y que con esta campa\u00f1a beneficiar\u00e1 a los neolaredenses con 259 aparatos&#8221;.<\/p>\n\n\n\n<p>Esta es la Cuarta Campa\u00f1a de Aparatos Auditivo del Sistema para el Desarrollo Integral de la Familia (DIF) de Nuevo Laredo, dos de las cuales se han realizado en conjunto con Fundaci\u00f3n MVS y Supermercados S-Mart mediante su programa Ayuda con tu Cambio.<\/p>\n","protected":false},"excerpt":{"rendered":"<p>Por: Staff | #NuevoLaredo #Laredo #NLD #Tamaulipas El Gobierno Municipal y el Sistema para el Desarrollo Integral de la Familia (DIF), en colaboraci\u00f3n con la Fundaci\u00f3n MVS y Supermercados S-Mart, realizan la cuarta edici\u00f3n de entrega de aparatos de la Campa\u00f1a de Auxiliares Auditivos. La presidenta municipal Carmen Lilia Canturosas y la presidenta del Sistema &hellip;<\/p>\n","protected":false},"author":1,"featured_media":8682,"comment_status":"open","ping_status":"open","sticky":false,"template":"","format":"standard","meta":{"footnotes":""},"categories":[38],"tags":[],"class_list":["post-8680","post","type-post","status-publish","format-standard","has-post-thumbnail","","category-nuevo-laredo"],"_links":{"self":[{"href":"https:\/\/www.radiointeractivo.com.mx\/index.php?rest_route=\/wp\/v2\/posts\/8680","targetHints":{"allow":["GET"]}}],"collection":[{"href":"https:\/\/www.radiointeractivo.com.mx\/index.php?rest_route=\/wp\/v2\/posts"}],"about":[{"href":"https:\/\/www.radiointeractivo.com.mx\/index.php?rest_route=\/wp\/v2\/types\/post"}],"author":[{"embeddable":true,"href":"https:\/\/www.radiointeractivo.com.mx\/index.php?rest_route=\/wp\/v2\/users\/1"}],"replies":[{"embeddable":true,"href":"https:\/\/www.radiointeractivo.com.mx\/index.php?rest_route=%2Fwp%2Fv2%2Fcomments&post=8680"}],"version-history":[{"count":1,"href":"https:\/\/www.radiointeractivo.com.mx\/index.php?rest_route=\/wp\/v2\/posts\/8680\/revisions"}],"predecessor-version":[{"id":8683,"href":"https:\/\/www.radiointeractivo.com.mx\/index.php?rest_route=\/wp\/v2\/posts\/8680\/revisions\/8683"}],"wp:featuredmedia":[{"embeddable":true,"href":"https:\/\/www.radiointeractivo.com.mx\/index.php?rest_route=\/wp\/v2\/media\/8682"}],"wp:attachment":[{"href":"https:\/\/www.radiointeractivo.com.mx\/index.php?rest_route=%2Fwp%2Fv2%2Fmedia&parent=8680"}],"wp:term":[{"taxonomy":"category","embeddable":true,"href":"https:\/\/www.radiointeractivo.com.mx\/index.php?rest_route=%2Fwp%2Fv2%2Fcategories&post=8680"},{"taxonomy":"post_tag","embeddable":true,"href":"https:\/\/www.radiointeractivo.com.mx\/index.php?rest_route=%2Fwp%2Fv2%2Ftags&post=8680"}],"curies":[{"name":"wp","href":"https:\/\/api.w.org\/{rel}","templated":true}]}}