{"id":8661,"date":"2024-07-01T17:45:21","date_gmt":"2024-07-01T22:45:21","guid":{"rendered":"https:\/\/www.radiointeractivo.com.mx\/?p=8661"},"modified":"2024-07-01T17:45:22","modified_gmt":"2024-07-01T22:45:22","slug":"firman-secretaria-de-economia-y-nacional-financiera-acuerdo-de-voluntades-2024-2025","status":"publish","type":"post","link":"https:\/\/www.radiointeractivo.com.mx\/?p=8661","title":{"rendered":"Firman Secretar\u00eda de Econom\u00eda y Nacional Financiera Acuerdo de Voluntades 2024-2025"},"content":{"rendered":"\n<figure class=\"wp-block-image size-large\"><img loading=\"lazy\" decoding=\"async\" width=\"1024\" height=\"768\" src=\"https:\/\/www.radiointeractivo.com.mx\/wp-content\/uploads\/2024\/07\/WhatsApp-Image-2024-07-01-at-4.00.42-PM-1024x768.jpeg\" alt=\"\" class=\"wp-image-8662\" srcset=\"https:\/\/www.radiointeractivo.com.mx\/wp-content\/uploads\/2024\/07\/WhatsApp-Image-2024-07-01-at-4.00.42-PM-1024x768.jpeg 1024w, https:\/\/www.radiointeractivo.com.mx\/wp-content\/uploads\/2024\/07\/WhatsApp-Image-2024-07-01-at-4.00.42-PM-300x225.jpeg 300w, https:\/\/www.radiointeractivo.com.mx\/wp-content\/uploads\/2024\/07\/WhatsApp-Image-2024-07-01-at-4.00.42-PM-768x576.jpeg 768w, https:\/\/www.radiointeractivo.com.mx\/wp-content\/uploads\/2024\/07\/WhatsApp-Image-2024-07-01-at-4.00.42-PM-1536x1152.jpeg 1536w, https:\/\/www.radiointeractivo.com.mx\/wp-content\/uploads\/2024\/07\/WhatsApp-Image-2024-07-01-at-4.00.42-PM.jpeg 1600w\" sizes=\"auto, (max-width: 1024px) 100vw, 1024px\" \/><\/figure>\n\n\n\n<p>-Beneficiar\u00e1 a MiPymes, organismos del sector social de la econom\u00eda y emprendedores<\/p>\n\n\n\n<p>Por: Agencias<\/p>\n\n\n\n<p>Ciudad Victoria, Tamaulipas.- Con el objetivo de consolidar una alianza estrat\u00e9gica entre el Gobierno de Tamaulipas y la banca de desarrollo del Gobierno de la Rep\u00fablica en beneficio de las MiPymes tamaulipecas, la secretaria de Econom\u00eda, Ninfa Cant\u00fa De\u00e1ndar, y el director regional Noreste de Nacional Financiera, Rafael Reyes P\u00e9rez-Oca\u00f1a, firmaron el Acuerdo de Voluntades 2024-2025.<\/p>\n\n\n\n<p>El acuerdo establece el compromiso mutuo para impartir capacitaci\u00f3n presencial y\/o a distancia de manera gratuita, para micro, peque\u00f1as y medianas empresas, organismos del sector social de la econom\u00eda y emprendedores.<\/p>\n\n\n\n<p>La titular de la dependencia estatal dijo que para el gobernador Am\u00e9rico Villarreal Anaya, el trabajo conjunto es esencial para fortalecer las capacidades productivas de las empresas tamaulipecas, que son un pilar fundamental del empleo y del bienestar de nuestro estado.<\/p>\n\n\n\n<p>Destac\u00f3 que un ejemplo de esta colaboraci\u00f3n es el Cr\u00e9dito IMPULSO, el cual, gracias a las gestiones del gobernador, logr\u00f3 integrar una bolsa hist\u00f3rica de m\u00e1s de 1,000 millones de pesos con Nacional Financiera, la banca comercial y los municipios de Nuevo Laredo, Matamoros, Reynosa, Victoria y Altamira.<\/p>\n\n\n\n<p>&#8220;Las 446 peque\u00f1as y medianas empresas apoyadas desde el Fondo Tamaulipas con este programa en 17 municipios permitieron proteger y consolidar m\u00e1s de 10,500 empleos para las familias tamaulipecas&#8221;, indic\u00f3.<\/p>\n\n\n\n<p>Por su parte, el director regional Noreste de Nacional Financiera, Rafael Reyes P\u00e9rez-Oca\u00f1a, destac\u00f3 el compromiso de Nacional Financiera para que las MiPymes locales y regionales cuenten con m\u00e1s y mejores herramientas para su crecimiento, desarrollo y consolidaci\u00f3n.<\/p>\n\n\n\n<p>En este marco, Cant\u00fa De\u00e1ndar y Rafael Reyes P\u00e9rez-Oca\u00f1a destacaron la importancia de apoyar a las micro, peque\u00f1as y medianas empresas en el contexto de la relocalizaci\u00f3n de empresas, conocido como nearshoring, donde Tamaulipas tiene un amplio potencial por su posici\u00f3n geogr\u00e1fica, su vocaci\u00f3n manufacturera y su infraestructura para el comercio exterior.<\/p>\n","protected":false},"excerpt":{"rendered":"<p>-Beneficiar\u00e1 a MiPymes, organismos del sector social de la econom\u00eda y emprendedores Por: Agencias Ciudad Victoria, Tamaulipas.- Con el objetivo de consolidar una alianza estrat\u00e9gica entre el Gobierno de Tamaulipas y la banca de desarrollo del Gobierno de la Rep\u00fablica en beneficio de las MiPymes tamaulipecas, la secretaria de Econom\u00eda, Ninfa Cant\u00fa De\u00e1ndar, y el &hellip;<\/p>\n","protected":false},"author":1,"featured_media":8662,"comment_status":"open","ping_status":"open","sticky":false,"template":"","format":"standard","meta":{"footnotes":""},"categories":[39],"tags":[],"class_list":["post-8661","post","type-post","status-publish","format-standard","has-post-thumbnail","","category-tamaulipas"],"_links":{"self":[{"href":"https:\/\/www.radiointeractivo.com.mx\/index.php?rest_route=\/wp\/v2\/posts\/8661","targetHints":{"allow":["GET"]}}],"collection":[{"href":"https:\/\/www.radiointeractivo.com.mx\/index.php?rest_route=\/wp\/v2\/posts"}],"about":[{"href":"https:\/\/www.radiointeractivo.com.mx\/index.php?rest_route=\/wp\/v2\/types\/post"}],"author":[{"embeddable":true,"href":"https:\/\/www.radiointeractivo.com.mx\/index.php?rest_route=\/wp\/v2\/users\/1"}],"replies":[{"embeddable":true,"href":"https:\/\/www.radiointeractivo.com.mx\/index.php?rest_route=%2Fwp%2Fv2%2Fcomments&post=8661"}],"version-history":[{"count":1,"href":"https:\/\/www.radiointeractivo.com.mx\/index.php?rest_route=\/wp\/v2\/posts\/8661\/revisions"}],"predecessor-version":[{"id":8663,"href":"https:\/\/www.radiointeractivo.com.mx\/index.php?rest_route=\/wp\/v2\/posts\/8661\/revisions\/8663"}],"wp:featuredmedia":[{"embeddable":true,"href":"https:\/\/www.radiointeractivo.com.mx\/index.php?rest_route=\/wp\/v2\/media\/8662"}],"wp:attachment":[{"href":"https:\/\/www.radiointeractivo.com.mx\/index.php?rest_route=%2Fwp%2Fv2%2Fmedia&parent=8661"}],"wp:term":[{"taxonomy":"category","embeddable":true,"href":"https:\/\/www.radiointeractivo.com.mx\/index.php?rest_route=%2Fwp%2Fv2%2Fcategories&post=8661"},{"taxonomy":"post_tag","embeddable":true,"href":"https:\/\/www.radiointeractivo.com.mx\/index.php?rest_route=%2Fwp%2Fv2%2Ftags&post=8661"}],"curies":[{"name":"wp","href":"https:\/\/api.w.org\/{rel}","templated":true}]}}