{"id":8658,"date":"2024-07-01T17:36:05","date_gmt":"2024-07-01T22:36:05","guid":{"rendered":"https:\/\/www.radiointeractivo.com.mx\/?p=8658"},"modified":"2024-07-01T17:36:06","modified_gmt":"2024-07-01T22:36:06","slug":"atienden-centros-de-conciliacion-de-tamaulipas-20-mil-casos-anuales-con-efectividad-del-84-por-ciento","status":"publish","type":"post","link":"https:\/\/www.radiointeractivo.com.mx\/?p=8658","title":{"rendered":"Atienden Centros de Conciliaci\u00f3n de Tamaulipas 20 mil casos anuales, con efectividad del 84 por ciento"},"content":{"rendered":"\n<figure class=\"wp-block-image size-large\"><img loading=\"lazy\" decoding=\"async\" width=\"1024\" height=\"682\" src=\"https:\/\/www.radiointeractivo.com.mx\/wp-content\/uploads\/2024\/07\/WhatsApp-Image-2024-07-01-at-4.12.19-PM-1024x682.jpeg\" alt=\"\" class=\"wp-image-8659\" srcset=\"https:\/\/www.radiointeractivo.com.mx\/wp-content\/uploads\/2024\/07\/WhatsApp-Image-2024-07-01-at-4.12.19-PM-1024x682.jpeg 1024w, https:\/\/www.radiointeractivo.com.mx\/wp-content\/uploads\/2024\/07\/WhatsApp-Image-2024-07-01-at-4.12.19-PM-300x200.jpeg 300w, https:\/\/www.radiointeractivo.com.mx\/wp-content\/uploads\/2024\/07\/WhatsApp-Image-2024-07-01-at-4.12.19-PM-768x512.jpeg 768w, https:\/\/www.radiointeractivo.com.mx\/wp-content\/uploads\/2024\/07\/WhatsApp-Image-2024-07-01-at-4.12.19-PM-1536x1023.jpeg 1536w, https:\/\/www.radiointeractivo.com.mx\/wp-content\/uploads\/2024\/07\/WhatsApp-Image-2024-07-01-at-4.12.19-PM-310x205.jpeg 310w, https:\/\/www.radiointeractivo.com.mx\/wp-content\/uploads\/2024\/07\/WhatsApp-Image-2024-07-01-at-4.12.19-PM.jpeg 1600w\" sizes=\"auto, (max-width: 1024px) 100vw, 1024px\" \/><\/figure>\n\n\n\n<p>-Se ha recuperado la confianza en la justicia laboral de Tamaulipas: Jos\u00e9 Ives Sober\u00f3n<\/p>\n\n\n\n<p>Por: Agencio<\/p>\n\n\n\n<p>Ciudad Victoria.- El Centro de Conciliaci\u00f3n Laboral en Tamaulipas transita por la ruta de la justicia laboral, al haber logrado en junio una tasa de resoluci\u00f3n de casos del 84%, lo que significa que ocho de cada 10 asuntos se resuelven por un convenio satisfactorio. Adem\u00e1s, los procedimientos concluyen en promedio en 20 d\u00edas naturales, sin tener que agotar los 45 d\u00edas que permite la Ley Federal del Trabajo.<\/p>\n\n\n\n<p>As\u00ed lo dio a conocer Jos\u00e9 Ives Sober\u00f3n, director general de este organismo p\u00fablico, al se\u00f1alar que en Tamaulipas acatan al pie de la letra las indicaciones del gobernador Am\u00e9rico Villarreal Anaya para poner a la ciudadan\u00eda al centro de los servicios y mantener un alto nivel de profesionalismo, trabajando con profundo amor por Tamaulipas.<\/p>\n\n\n\n<p>La justicia laboral en esta entidad hab\u00eda sufrido un deterioro, pero con la implementaci\u00f3n del nuevo modelo de justicia laboral se increment\u00f3 la confianza ciudadana para exigir derechos ante un conflicto. Este modelo humanista privilegia el mecanismo de la conciliaci\u00f3n para poner fin a las controversias laborales de manera transparente, justa y expedita.<\/p>\n\n\n\n<p>Ives Sober\u00f3n se\u00f1al\u00f3 que durante los \u00faltimos 10 a\u00f1os, antes del inicio de la reforma, se recib\u00edan aproximadamente de 5 mil a 6 mil asuntos al a\u00f1o en las Juntas de Conciliaci\u00f3n y Arbitraje, que hoy se encuentran cerradas a nuevos asuntos y solamente atienden el abatimiento del rezago.<\/p>\n\n\n\n<p>En ese tenor, precis\u00f3 que con la apertura de los Centros de Conciliaci\u00f3n Laboral se reciben al a\u00f1o cerca de 20 mil asuntos, lo que implica un incremento de m\u00e1s del 300% y solo puede explicarse como un voto de confianza de la poblaci\u00f3n a la justicia laboral humanista que brinda esta administraci\u00f3n.<\/p>\n\n\n\n<p>&#8220;Estamos construyendo un sistema de justicia laboral que esperemos est\u00e9 vigente los pr\u00f3ximos 100 a\u00f1os. Es una gran responsabilidad que agradecemos al gobernador Am\u00e9rico Villarreal Anaya nos haya conferido y por eso estamos enfocados en establecer un esquema de trabajo transparente y profesional con cero tolerancia a la corrupci\u00f3n&#8221;.<\/p>\n","protected":false},"excerpt":{"rendered":"<p>-Se ha recuperado la confianza en la justicia laboral de Tamaulipas: Jos\u00e9 Ives Sober\u00f3n Por: Agencio Ciudad Victoria.- El Centro de Conciliaci\u00f3n Laboral en Tamaulipas transita por la ruta de la justicia laboral, al haber logrado en junio una tasa de resoluci\u00f3n de casos del 84%, lo que significa que ocho de cada 10 asuntos &hellip;<\/p>\n","protected":false},"author":1,"featured_media":8659,"comment_status":"open","ping_status":"open","sticky":false,"template":"","format":"standard","meta":{"footnotes":""},"categories":[39],"tags":[],"class_list":["post-8658","post","type-post","status-publish","format-standard","has-post-thumbnail","","category-tamaulipas"],"_links":{"self":[{"href":"https:\/\/www.radiointeractivo.com.mx\/index.php?rest_route=\/wp\/v2\/posts\/8658","targetHints":{"allow":["GET"]}}],"collection":[{"href":"https:\/\/www.radiointeractivo.com.mx\/index.php?rest_route=\/wp\/v2\/posts"}],"about":[{"href":"https:\/\/www.radiointeractivo.com.mx\/index.php?rest_route=\/wp\/v2\/types\/post"}],"author":[{"embeddable":true,"href":"https:\/\/www.radiointeractivo.com.mx\/index.php?rest_route=\/wp\/v2\/users\/1"}],"replies":[{"embeddable":true,"href":"https:\/\/www.radiointeractivo.com.mx\/index.php?rest_route=%2Fwp%2Fv2%2Fcomments&post=8658"}],"version-history":[{"count":1,"href":"https:\/\/www.radiointeractivo.com.mx\/index.php?rest_route=\/wp\/v2\/posts\/8658\/revisions"}],"predecessor-version":[{"id":8660,"href":"https:\/\/www.radiointeractivo.com.mx\/index.php?rest_route=\/wp\/v2\/posts\/8658\/revisions\/8660"}],"wp:featuredmedia":[{"embeddable":true,"href":"https:\/\/www.radiointeractivo.com.mx\/index.php?rest_route=\/wp\/v2\/media\/8659"}],"wp:attachment":[{"href":"https:\/\/www.radiointeractivo.com.mx\/index.php?rest_route=%2Fwp%2Fv2%2Fmedia&parent=8658"}],"wp:term":[{"taxonomy":"category","embeddable":true,"href":"https:\/\/www.radiointeractivo.com.mx\/index.php?rest_route=%2Fwp%2Fv2%2Fcategories&post=8658"},{"taxonomy":"post_tag","embeddable":true,"href":"https:\/\/www.radiointeractivo.com.mx\/index.php?rest_route=%2Fwp%2Fv2%2Ftags&post=8658"}],"curies":[{"name":"wp","href":"https:\/\/api.w.org\/{rel}","templated":true}]}}