{"id":8655,"date":"2024-07-01T17:31:08","date_gmt":"2024-07-01T22:31:08","guid":{"rendered":"https:\/\/www.radiointeractivo.com.mx\/?p=8655"},"modified":"2024-07-01T17:31:09","modified_gmt":"2024-07-01T22:31:09","slug":"evalua-set-danos-en-escuelas-por-alberto","status":"publish","type":"post","link":"https:\/\/www.radiointeractivo.com.mx\/?p=8655","title":{"rendered":"Eval\u00faa SET da\u00f1os en escuelas por &#8220;Alberto&#8221;"},"content":{"rendered":"\n<figure class=\"wp-block-image size-full\"><img loading=\"lazy\" decoding=\"async\" width=\"960\" height=\"640\" src=\"https:\/\/www.radiointeractivo.com.mx\/wp-content\/uploads\/2024\/07\/secretaria-de-educacion.jpeg\" alt=\"\" class=\"wp-image-8656\" srcset=\"https:\/\/www.radiointeractivo.com.mx\/wp-content\/uploads\/2024\/07\/secretaria-de-educacion.jpeg 960w, https:\/\/www.radiointeractivo.com.mx\/wp-content\/uploads\/2024\/07\/secretaria-de-educacion-300x200.jpeg 300w, https:\/\/www.radiointeractivo.com.mx\/wp-content\/uploads\/2024\/07\/secretaria-de-educacion-768x512.jpeg 768w\" sizes=\"auto, (max-width: 960px) 100vw, 960px\" \/><figcaption class=\"wp-element-caption\">\r\n\r\n\t0\r\n\t0\r\n\t\r\n\t0\r\n\t\r\n\t0\r\n\t\r\n\t0\r\n\t\r\n\t0\r\n\t\r\n\t\r\n\t\r\n\t\r\n\t\r\n\t\r\n\t\r\n\t0\r\n\t9\/6\/2023 2:03:31 PM\r\n\t0\r\n\t1\r\n\t0\r\n\t0\r\n\t0\r\n\t0\r\n\t0\r\n\t0\r\n\t0\r\n\t1\r\n\t\r\n\t\r\n\t0\r\n\t\r\n\t432\r\n\t358\r\n\t<\/figcaption><\/figure>\n\n\n\n<p>-En la regi\u00f3n centro y ca\u00f1era hay 140 escuelas con alg\u00fan da\u00f1o, por lo que en coordinaci\u00f3n con el ITIFE se eval\u00faan para su reparaci\u00f3n<\/p>\n\n\n\n<p>Por: Agencias<\/p>\n\n\n\n<p>Ciudad Victoria, Tamaulipas.\u2013 La Secretar\u00eda de Educaci\u00f3n de Tamaulipas se encuentra evaluando las escuelas de la zona centro y la regi\u00f3n ca\u00f1era del estado, da\u00f1adas a consecuencia de la tormenta tropical Alberto, indic\u00f3 su titular Luc\u00eda Aim\u00e9 Castillo Pastor.<\/p>\n\n\n\n<p>\u201cTenemos alrededor de 140 planteles que reportaron alg\u00fan tipo de inundaciones o filtraciones. Estamos ahorita con el apoyo del Instituto Tamaulipeco de Infraestructura F\u00edsica Educativa (ITIFE), haciendo la valoraci\u00f3n para determinar cu\u00e1les est\u00e1n vinculadas al fen\u00f3meno (Alberto) y poder estar en condiciones de hacer una intervenci\u00f3n\u201d, precis\u00f3.<\/p>\n\n\n\n<p>Explic\u00f3 que las principales afectaciones tienen que ver con que en algunas aulas entr\u00f3 la lluvia, provocando cierto nivel de humedad e inundaci\u00f3n, adem\u00e1s de otras que se encuentran con goteras, por lo que se requiere de un trabajo de impermeabilizaci\u00f3n.<\/p>\n\n\n\n<p>Inform\u00f3 que debido a las lluvias provocadas por la tormenta &#8216;Chris&#8217;, que actualmente afectan la entidad y que se espera que ma\u00f1ana pasen, solamente se encuentra habilitada como albergue una escuela y que en el transcurso del d\u00eda se tendr\u00e1 un reporte completo de todas las instituciones educativas.<\/p>\n\n\n\n<p>&#8220;Por la tarde de ayer se activ\u00f3 un nuevo centro temporal de refugio en Tula, derivado de las precipitaciones que se dieron desde el domingo en la madrugada por all\u00e1, y la Escuela 20 de Noviembre del Ejido Las Cruces est\u00e1 sirviendo como albergue temporal para alrededor de 50 personas y esta obviamente no tendr\u00eda labores el d\u00eda de hoy\u201d, a\u00f1adi\u00f3.<\/p>\n","protected":false},"excerpt":{"rendered":"<p>0 0 0 0 0 0 0 9\/6\/2023 2:03:31 PM 0 1 0 0 0 0 0 0 0 1 0 432 358 -En la regi\u00f3n centro y ca\u00f1era hay 140 escuelas con alg\u00fan da\u00f1o, por lo que en coordinaci\u00f3n con el ITIFE se eval\u00faan para su reparaci\u00f3n Por: Agencias Ciudad Victoria, Tamaulipas.\u2013 La Secretar\u00eda &hellip;<\/p>\n","protected":false},"author":1,"featured_media":8656,"comment_status":"open","ping_status":"open","sticky":false,"template":"","format":"standard","meta":{"footnotes":""},"categories":[39],"tags":[],"class_list":["post-8655","post","type-post","status-publish","format-standard","has-post-thumbnail","","category-tamaulipas"],"_links":{"self":[{"href":"https:\/\/www.radiointeractivo.com.mx\/index.php?rest_route=\/wp\/v2\/posts\/8655","targetHints":{"allow":["GET"]}}],"collection":[{"href":"https:\/\/www.radiointeractivo.com.mx\/index.php?rest_route=\/wp\/v2\/posts"}],"about":[{"href":"https:\/\/www.radiointeractivo.com.mx\/index.php?rest_route=\/wp\/v2\/types\/post"}],"author":[{"embeddable":true,"href":"https:\/\/www.radiointeractivo.com.mx\/index.php?rest_route=\/wp\/v2\/users\/1"}],"replies":[{"embeddable":true,"href":"https:\/\/www.radiointeractivo.com.mx\/index.php?rest_route=%2Fwp%2Fv2%2Fcomments&post=8655"}],"version-history":[{"count":1,"href":"https:\/\/www.radiointeractivo.com.mx\/index.php?rest_route=\/wp\/v2\/posts\/8655\/revisions"}],"predecessor-version":[{"id":8657,"href":"https:\/\/www.radiointeractivo.com.mx\/index.php?rest_route=\/wp\/v2\/posts\/8655\/revisions\/8657"}],"wp:featuredmedia":[{"embeddable":true,"href":"https:\/\/www.radiointeractivo.com.mx\/index.php?rest_route=\/wp\/v2\/media\/8656"}],"wp:attachment":[{"href":"https:\/\/www.radiointeractivo.com.mx\/index.php?rest_route=%2Fwp%2Fv2%2Fmedia&parent=8655"}],"wp:term":[{"taxonomy":"category","embeddable":true,"href":"https:\/\/www.radiointeractivo.com.mx\/index.php?rest_route=%2Fwp%2Fv2%2Fcategories&post=8655"},{"taxonomy":"post_tag","embeddable":true,"href":"https:\/\/www.radiointeractivo.com.mx\/index.php?rest_route=%2Fwp%2Fv2%2Ftags&post=8655"}],"curies":[{"name":"wp","href":"https:\/\/api.w.org\/{rel}","templated":true}]}}