{"id":8635,"date":"2024-07-01T15:07:48","date_gmt":"2024-07-01T20:07:48","guid":{"rendered":"https:\/\/www.radiointeractivo.com.mx\/?p=8635"},"modified":"2024-07-01T15:07:49","modified_gmt":"2024-07-01T20:07:49","slug":"exhorta-comapa-a-redoblar-esfuerzos-en-el-cuidado-y-uso-racional-del-agua-nuevo-laredo-continua-en-semaforo-rojo-del-agua","status":"publish","type":"post","link":"https:\/\/www.radiointeractivo.com.mx\/?p=8635","title":{"rendered":"EXHORTA COMAPA A REDOBLAR ESFUERZOS EN EL CUIDADO Y USO RACIONAL DEL AGUA; NUEVO LAREDO CONTIN\u00daA EN SEM\u00c1FORO ROJO DEL AGUA"},"content":{"rendered":"\n<figure class=\"wp-block-image size-large\"><img loading=\"lazy\" decoding=\"async\" width=\"1024\" height=\"768\" src=\"https:\/\/www.radiointeractivo.com.mx\/wp-content\/uploads\/2024\/07\/WhatsApp-Image-2024-07-01-at-1.49.30-PM-1024x768.jpeg\" alt=\"\" class=\"wp-image-8636\" srcset=\"https:\/\/www.radiointeractivo.com.mx\/wp-content\/uploads\/2024\/07\/WhatsApp-Image-2024-07-01-at-1.49.30-PM-1024x768.jpeg 1024w, https:\/\/www.radiointeractivo.com.mx\/wp-content\/uploads\/2024\/07\/WhatsApp-Image-2024-07-01-at-1.49.30-PM-300x225.jpeg 300w, https:\/\/www.radiointeractivo.com.mx\/wp-content\/uploads\/2024\/07\/WhatsApp-Image-2024-07-01-at-1.49.30-PM-768x576.jpeg 768w, https:\/\/www.radiointeractivo.com.mx\/wp-content\/uploads\/2024\/07\/WhatsApp-Image-2024-07-01-at-1.49.30-PM-1536x1152.jpeg 1536w, https:\/\/www.radiointeractivo.com.mx\/wp-content\/uploads\/2024\/07\/WhatsApp-Image-2024-07-01-at-1.49.30-PM.jpeg 1600w\" sizes=\"auto, (max-width: 1024px) 100vw, 1024px\" \/><\/figure>\n\n\n\n<p>Por: Staff | #NuevoLaredo #Laredo #NLD #Tamaulipas<\/p>\n\n\n\n<p>Durante la D\u00e9cima Cuarta Reuni\u00f3n Ordinaria del Comit\u00e9 de Seguimiento y Evaluaci\u00f3n del Sem\u00e1foro del Cuidado del Agua, llevada a cabo en Ciudad Victoria, se determin\u00f3 que Nuevo Laredo contin\u00faa en color rojo, lo que indica sequ\u00eda extrema y poca disponibilidad de agua, por lo que se seguir\u00e1n implementando las debidas restricciones en el uso de este recurso.<\/p>\n\n\n\n<p>En esta reuni\u00f3n encabezada por el Secretario de Recursos Hidr\u00e1ulicos para el Desarrollo Social, Ing Ra\u00fal Quiroga, estuvo presente la Gerente General de COMAPA Nuevo Laredo, Silvia Fern\u00e1ndez, as\u00ed como representantes de la Secretar\u00eda de Desarrollo Urbano y Medio Ambiente, Secretaria de Salud, Secretar\u00eda de Educaci\u00f3n P\u00fablica y los gerentes generales de todos los organismos operadores del estado.<\/p>\n\n\n\n<p>\u201cHoy m\u00e1s que nunca urge redoblar esfuerzos, ser ciudadanos conscientes y responsables, el hacer equipo sociedad y gobierno es hoy. No hemos entendido como ciudadanos del mundo que el tiempo apremia y no estamos preservando nuestro capital h\u00eddrico&#8221;, indic\u00f3 la gerente general.<\/p>\n\n\n\n<p>Cabe destacar que durante la mesa de trabajo se llegaron acuerdos importantes para establecer estrategias para el cuidado del agua en los planteles educativos ahora que est\u00e1 por iniciar el periodo vacacional en el Estado evitando desperdicio y fugas en las instalaciones.<\/p>\n\n\n\n<p>\u201cTenemos que tener presente que cada gota cuenta y que debemos fortalecer en calidad de urgencia el cuidado, uso directo e indirecto y reuso del agua, adem\u00e1s de implementar las restricciones que indica el sem\u00e1foro en rojo las cuales estamos sumamente comprometidos en darles la debida difusi\u00f3n a trav\u00e9s de nuestras redes sociales oficiales y llegue esta informaci\u00f3n a todos\u201d, finaliz\u00f3 la funcionaria.<\/p>\n","protected":false},"excerpt":{"rendered":"<p>Por: Staff | #NuevoLaredo #Laredo #NLD #Tamaulipas Durante la D\u00e9cima Cuarta Reuni\u00f3n Ordinaria del Comit\u00e9 de Seguimiento y Evaluaci\u00f3n del Sem\u00e1foro del Cuidado del Agua, llevada a cabo en Ciudad Victoria, se determin\u00f3 que Nuevo Laredo contin\u00faa en color rojo, lo que indica sequ\u00eda extrema y poca disponibilidad de agua, por lo que se seguir\u00e1n &hellip;<\/p>\n","protected":false},"author":1,"featured_media":8636,"comment_status":"open","ping_status":"open","sticky":false,"template":"","format":"standard","meta":{"footnotes":""},"categories":[38],"tags":[],"class_list":["post-8635","post","type-post","status-publish","format-standard","has-post-thumbnail","","category-nuevo-laredo"],"_links":{"self":[{"href":"https:\/\/www.radiointeractivo.com.mx\/index.php?rest_route=\/wp\/v2\/posts\/8635","targetHints":{"allow":["GET"]}}],"collection":[{"href":"https:\/\/www.radiointeractivo.com.mx\/index.php?rest_route=\/wp\/v2\/posts"}],"about":[{"href":"https:\/\/www.radiointeractivo.com.mx\/index.php?rest_route=\/wp\/v2\/types\/post"}],"author":[{"embeddable":true,"href":"https:\/\/www.radiointeractivo.com.mx\/index.php?rest_route=\/wp\/v2\/users\/1"}],"replies":[{"embeddable":true,"href":"https:\/\/www.radiointeractivo.com.mx\/index.php?rest_route=%2Fwp%2Fv2%2Fcomments&post=8635"}],"version-history":[{"count":1,"href":"https:\/\/www.radiointeractivo.com.mx\/index.php?rest_route=\/wp\/v2\/posts\/8635\/revisions"}],"predecessor-version":[{"id":8637,"href":"https:\/\/www.radiointeractivo.com.mx\/index.php?rest_route=\/wp\/v2\/posts\/8635\/revisions\/8637"}],"wp:featuredmedia":[{"embeddable":true,"href":"https:\/\/www.radiointeractivo.com.mx\/index.php?rest_route=\/wp\/v2\/media\/8636"}],"wp:attachment":[{"href":"https:\/\/www.radiointeractivo.com.mx\/index.php?rest_route=%2Fwp%2Fv2%2Fmedia&parent=8635"}],"wp:term":[{"taxonomy":"category","embeddable":true,"href":"https:\/\/www.radiointeractivo.com.mx\/index.php?rest_route=%2Fwp%2Fv2%2Fcategories&post=8635"},{"taxonomy":"post_tag","embeddable":true,"href":"https:\/\/www.radiointeractivo.com.mx\/index.php?rest_route=%2Fwp%2Fv2%2Ftags&post=8635"}],"curies":[{"name":"wp","href":"https:\/\/api.w.org\/{rel}","templated":true}]}}