{"id":8621,"date":"2024-06-30T20:10:29","date_gmt":"2024-07-01T01:10:29","guid":{"rendered":"https:\/\/www.radiointeractivo.com.mx\/?p=8621"},"modified":"2024-06-30T20:10:30","modified_gmt":"2024-07-01T01:10:30","slug":"secretaria-del-trabajo-ha-capacitado-a-mas-de-7-mil-personas-entre-marzo-abril-y-mayo","status":"publish","type":"post","link":"https:\/\/www.radiointeractivo.com.mx\/?p=8621","title":{"rendered":"Secretar\u00eda del Trabajo ha capacitado a m\u00e1s de 7 mil personas entre marzo, abril y mayo"},"content":{"rendered":"\n<figure class=\"wp-block-image size-large\"><img loading=\"lazy\" decoding=\"async\" width=\"1024\" height=\"768\" src=\"https:\/\/www.radiointeractivo.com.mx\/wp-content\/uploads\/2024\/06\/WhatsApp-Image-2024-06-30-at-11.56.16-AM-1024x768.jpeg\" alt=\"\" class=\"wp-image-8622\" srcset=\"https:\/\/www.radiointeractivo.com.mx\/wp-content\/uploads\/2024\/06\/WhatsApp-Image-2024-06-30-at-11.56.16-AM-1024x768.jpeg 1024w, https:\/\/www.radiointeractivo.com.mx\/wp-content\/uploads\/2024\/06\/WhatsApp-Image-2024-06-30-at-11.56.16-AM-300x225.jpeg 300w, https:\/\/www.radiointeractivo.com.mx\/wp-content\/uploads\/2024\/06\/WhatsApp-Image-2024-06-30-at-11.56.16-AM-768x576.jpeg 768w, https:\/\/www.radiointeractivo.com.mx\/wp-content\/uploads\/2024\/06\/WhatsApp-Image-2024-06-30-at-11.56.16-AM-1536x1152.jpeg 1536w, https:\/\/www.radiointeractivo.com.mx\/wp-content\/uploads\/2024\/06\/WhatsApp-Image-2024-06-30-at-11.56.16-AM.jpeg 1600w\" sizes=\"auto, (max-width: 1024px) 100vw, 1024px\" \/><\/figure>\n\n\n\n<p>-La STPS es aliada de las personas trabajadoras y parte del gobierno humanista de Tamaulipas: Abelardo Flores Mendoza<\/p>\n\n\n\n<p>Por: Agencias<\/p>\n\n\n\n<p>Ciudad Victoria, Tamaulipas.- La Secretar\u00eda del Trabajo de Tamaulipas, a trav\u00e9s de la Direcci\u00f3n de Capacitaci\u00f3n y Productividad y de la Direcci\u00f3n de Inspecci\u00f3n y Previsi\u00f3n Social, inform\u00f3 que entre los meses de marzo, abril y mayo del presente a\u00f1o se llevaron a cabo capacitaciones, talleres, cursos y sesiones informativas, beneficiando a m\u00e1s de 7 mil personas pertenecientes a empresas privadas y dependencias de gobierno.<\/p>\n\n\n\n<p>Al respecto, el encargado de despacho de la Secretar\u00eda del Trabajo, Abelardo Flores Mendoza, se\u00f1al\u00f3 que esto es parte de la agenda de capacitaci\u00f3n que se est\u00e1 ejerciendo en el presente a\u00f1o, destacando que en los meses referidos se realizaron m\u00e1s de 150 eventos de capacitaci\u00f3n con entidades de gobierno y empresas privadas.<\/p>\n\n\n\n<p>&#8220;En estos tres meses, intensificamos una serie de capacitaciones, talleres y cursos para el personal que integra dependencias de gobierno y empresas privadas, en una agenda de trabajo que pretende estrechar lazos y fortalecer alianzas con el sector empresarial. En el caso de las oficinas de gobierno, coadyuvamos de manera permanente en la profesionalizaci\u00f3n de los servidores p\u00fablicos, para la mejor atenci\u00f3n de la ciudadan\u00eda como una fortaleza del gobierno humanista que preside el doctor Am\u00e9rico Villarreal Anaya&#8221;.<\/p>\n\n\n\n<p>Por su parte, la titular de la Direcci\u00f3n de Capacitaci\u00f3n y Productividad, Rosa Elena Salazar Fuentes, reiter\u00f3 la invitaci\u00f3n a dependencias de gobierno y empresas privadas para que se acerquen a la Secretar\u00eda del Trabajo y soliciten talleres de capacitaci\u00f3n que contribuyen al desarrollo de Tamaulipas.<\/p>\n\n\n\n<p>V\u00edctor Manuel P\u00e9rez Ortiz, director de Inspecci\u00f3n y Previsi\u00f3n Social de la Secretar\u00eda del Trabajo en el estado de Tamaulipas, precis\u00f3 que el trabajo realizado a lo largo y ancho del estado ha permitido beneficiar a m\u00e1s de 7 mil personas entre ambas direcciones que pertenecen a esta Secretar\u00eda, siguiendo la l\u00ednea de trabajo humanista del gobernador Am\u00e9rico Villarreal Anaya.<\/p>\n\n\n\n<p>Abund\u00f3 que esas capacitaciones se han realizado en municipios como Altamira, Ciudad Victoria, D\u00edaz Ordaz, Matamoros, Miguel Alem\u00e1n, Reynosa, Tampico, Nuevo Laredo, Valle Hermoso, R\u00edo Bravo, El Mante y Ciudad Madero, abarcando temas como la NOM-019-STPS-2011, NOM-017-STPS-2008, NOM-002-STPS-2010, as\u00ed como la prevenci\u00f3n y erradicaci\u00f3n del trabajo infantil y derechos laborales de las y los adolescentes trabajadores en edad permitida.<\/p>\n","protected":false},"excerpt":{"rendered":"<p>-La STPS es aliada de las personas trabajadoras y parte del gobierno humanista de Tamaulipas: Abelardo Flores Mendoza Por: Agencias Ciudad Victoria, Tamaulipas.- La Secretar\u00eda del Trabajo de Tamaulipas, a trav\u00e9s de la Direcci\u00f3n de Capacitaci\u00f3n y Productividad y de la Direcci\u00f3n de Inspecci\u00f3n y Previsi\u00f3n Social, inform\u00f3 que entre los meses de marzo, abril &hellip;<\/p>\n","protected":false},"author":1,"featured_media":8622,"comment_status":"open","ping_status":"open","sticky":false,"template":"","format":"standard","meta":{"footnotes":""},"categories":[39],"tags":[],"class_list":["post-8621","post","type-post","status-publish","format-standard","has-post-thumbnail","","category-tamaulipas"],"_links":{"self":[{"href":"https:\/\/www.radiointeractivo.com.mx\/index.php?rest_route=\/wp\/v2\/posts\/8621","targetHints":{"allow":["GET"]}}],"collection":[{"href":"https:\/\/www.radiointeractivo.com.mx\/index.php?rest_route=\/wp\/v2\/posts"}],"about":[{"href":"https:\/\/www.radiointeractivo.com.mx\/index.php?rest_route=\/wp\/v2\/types\/post"}],"author":[{"embeddable":true,"href":"https:\/\/www.radiointeractivo.com.mx\/index.php?rest_route=\/wp\/v2\/users\/1"}],"replies":[{"embeddable":true,"href":"https:\/\/www.radiointeractivo.com.mx\/index.php?rest_route=%2Fwp%2Fv2%2Fcomments&post=8621"}],"version-history":[{"count":1,"href":"https:\/\/www.radiointeractivo.com.mx\/index.php?rest_route=\/wp\/v2\/posts\/8621\/revisions"}],"predecessor-version":[{"id":8623,"href":"https:\/\/www.radiointeractivo.com.mx\/index.php?rest_route=\/wp\/v2\/posts\/8621\/revisions\/8623"}],"wp:featuredmedia":[{"embeddable":true,"href":"https:\/\/www.radiointeractivo.com.mx\/index.php?rest_route=\/wp\/v2\/media\/8622"}],"wp:attachment":[{"href":"https:\/\/www.radiointeractivo.com.mx\/index.php?rest_route=%2Fwp%2Fv2%2Fmedia&parent=8621"}],"wp:term":[{"taxonomy":"category","embeddable":true,"href":"https:\/\/www.radiointeractivo.com.mx\/index.php?rest_route=%2Fwp%2Fv2%2Fcategories&post=8621"},{"taxonomy":"post_tag","embeddable":true,"href":"https:\/\/www.radiointeractivo.com.mx\/index.php?rest_route=%2Fwp%2Fv2%2Ftags&post=8621"}],"curies":[{"name":"wp","href":"https:\/\/api.w.org\/{rel}","templated":true}]}}