{"id":8615,"date":"2024-06-30T20:04:44","date_gmt":"2024-07-01T01:04:44","guid":{"rendered":"https:\/\/www.radiointeractivo.com.mx\/?p=8615"},"modified":"2024-06-30T20:04:46","modified_gmt":"2024-07-01T01:04:46","slug":"inician-trabajos-para-atender-danos-de-grietas-en-tula","status":"publish","type":"post","link":"https:\/\/www.radiointeractivo.com.mx\/?p=8615","title":{"rendered":"Inician trabajos para atender da\u00f1os de grietas en Tula"},"content":{"rendered":"\n<figure class=\"wp-block-image size-full\"><img loading=\"lazy\" decoding=\"async\" width=\"837\" height=\"526\" src=\"https:\/\/www.radiointeractivo.com.mx\/wp-content\/uploads\/2024\/06\/WhatsApp-Image-2024-06-30-at-7.17.03-PM.jpeg\" alt=\"\" class=\"wp-image-8616\" srcset=\"https:\/\/www.radiointeractivo.com.mx\/wp-content\/uploads\/2024\/06\/WhatsApp-Image-2024-06-30-at-7.17.03-PM.jpeg 837w, https:\/\/www.radiointeractivo.com.mx\/wp-content\/uploads\/2024\/06\/WhatsApp-Image-2024-06-30-at-7.17.03-PM-300x189.jpeg 300w, https:\/\/www.radiointeractivo.com.mx\/wp-content\/uploads\/2024\/06\/WhatsApp-Image-2024-06-30-at-7.17.03-PM-768x483.jpeg 768w\" sizes=\"auto, (max-width: 837px) 100vw, 837px\" \/><\/figure>\n\n\n\n<p>Por: Agencias<\/p>\n\n\n\n<p>Ciudad Victoria, Tamaulipas.- El Gobierno de Tamaulipas ha comenzado sondeos con especialistas y llevar\u00e1 a cabo estudios geof\u00edsicos para atender la zona afectada por las grietas que las recientes lluvias provocaron en diversos ejidos del municipio de Tula.<\/p>\n\n\n\n<p>El secretario de Obras P\u00fablicas, Pedro Cepeda Anaya, inform\u00f3 adem\u00e1s que se planea construir un puente en el tramo carretero que se vio afectado por estas grietas, procurando la seguridad y el bienestar de los habitantes de los ejidos V\u00e1zquez G\u00f3mez, El Carmen, San Miguel del Carmen y San Juan.<\/p>\n\n\n\n<p>\u201cSe recomienda a los pobladores de los ejidos afectados tomar precauciones, ya que varias viviendas se encuentran en el paso subterr\u00e1neo del escurrimiento y presentan fallos en la estructura con agrietamientos y asentamientos de cimentaci\u00f3n\u201d, apunt\u00f3.<\/p>\n\n\n\n<p>Explic\u00f3 que las grietas de poco m\u00e1s de 6 kil\u00f3metros se encuentran ubicadas a 10 kil\u00f3metros de distancia del inicio de la autopista Mante-Ocampo-Tula en el punto del entronque al ejido V\u00e1zquez G\u00f3mez y destac\u00f3 que, de acuerdo a lo diagnosticado por los ge\u00f3logos, el fallo tiene una variable hasta 8 metros de ancho en algunos puntos y en los sondeos visuales se detect\u00f3 una profundidad de hasta 4 o 5 metros en ciertos puntos, corriendo de norte a sur, superficial y subterr\u00e1neamente.<\/p>\n","protected":false},"excerpt":{"rendered":"<p>Por: Agencias Ciudad Victoria, Tamaulipas.- El Gobierno de Tamaulipas ha comenzado sondeos con especialistas y llevar\u00e1 a cabo estudios geof\u00edsicos para atender la zona afectada por las grietas que las recientes lluvias provocaron en diversos ejidos del municipio de Tula. El secretario de Obras P\u00fablicas, Pedro Cepeda Anaya, inform\u00f3 adem\u00e1s que se planea construir un &hellip;<\/p>\n","protected":false},"author":1,"featured_media":8616,"comment_status":"open","ping_status":"open","sticky":false,"template":"","format":"standard","meta":{"footnotes":""},"categories":[39],"tags":[],"class_list":["post-8615","post","type-post","status-publish","format-standard","has-post-thumbnail","","category-tamaulipas"],"_links":{"self":[{"href":"https:\/\/www.radiointeractivo.com.mx\/index.php?rest_route=\/wp\/v2\/posts\/8615","targetHints":{"allow":["GET"]}}],"collection":[{"href":"https:\/\/www.radiointeractivo.com.mx\/index.php?rest_route=\/wp\/v2\/posts"}],"about":[{"href":"https:\/\/www.radiointeractivo.com.mx\/index.php?rest_route=\/wp\/v2\/types\/post"}],"author":[{"embeddable":true,"href":"https:\/\/www.radiointeractivo.com.mx\/index.php?rest_route=\/wp\/v2\/users\/1"}],"replies":[{"embeddable":true,"href":"https:\/\/www.radiointeractivo.com.mx\/index.php?rest_route=%2Fwp%2Fv2%2Fcomments&post=8615"}],"version-history":[{"count":1,"href":"https:\/\/www.radiointeractivo.com.mx\/index.php?rest_route=\/wp\/v2\/posts\/8615\/revisions"}],"predecessor-version":[{"id":8617,"href":"https:\/\/www.radiointeractivo.com.mx\/index.php?rest_route=\/wp\/v2\/posts\/8615\/revisions\/8617"}],"wp:featuredmedia":[{"embeddable":true,"href":"https:\/\/www.radiointeractivo.com.mx\/index.php?rest_route=\/wp\/v2\/media\/8616"}],"wp:attachment":[{"href":"https:\/\/www.radiointeractivo.com.mx\/index.php?rest_route=%2Fwp%2Fv2%2Fmedia&parent=8615"}],"wp:term":[{"taxonomy":"category","embeddable":true,"href":"https:\/\/www.radiointeractivo.com.mx\/index.php?rest_route=%2Fwp%2Fv2%2Fcategories&post=8615"},{"taxonomy":"post_tag","embeddable":true,"href":"https:\/\/www.radiointeractivo.com.mx\/index.php?rest_route=%2Fwp%2Fv2%2Ftags&post=8615"}],"curies":[{"name":"wp","href":"https:\/\/api.w.org\/{rel}","templated":true}]}}