{"id":8609,"date":"2024-06-30T19:33:43","date_gmt":"2024-07-01T00:33:43","guid":{"rendered":"https:\/\/www.radiointeractivo.com.mx\/?p=8609"},"modified":"2024-06-30T19:33:44","modified_gmt":"2024-07-01T00:33:44","slug":"apoya-gobierno-municipal-a-150-emprendedores-en-edicion-34-del-bazar-une","status":"publish","type":"post","link":"https:\/\/www.radiointeractivo.com.mx\/?p=8609","title":{"rendered":"APOYA GOBIERNO MUNICIPAL A 150 EMPRENDEDORES EN EDICI\u00d3N 34 DEL BAZAR UNE"},"content":{"rendered":"\n<figure class=\"wp-block-image size-large\"><img loading=\"lazy\" decoding=\"async\" width=\"1024\" height=\"683\" src=\"https:\/\/www.radiointeractivo.com.mx\/wp-content\/uploads\/2024\/06\/WhatsApp-Image-2024-06-30-at-1.59.45-PM-1024x683.jpeg\" alt=\"\" class=\"wp-image-8610\" srcset=\"https:\/\/www.radiointeractivo.com.mx\/wp-content\/uploads\/2024\/06\/WhatsApp-Image-2024-06-30-at-1.59.45-PM-1024x683.jpeg 1024w, https:\/\/www.radiointeractivo.com.mx\/wp-content\/uploads\/2024\/06\/WhatsApp-Image-2024-06-30-at-1.59.45-PM-300x200.jpeg 300w, https:\/\/www.radiointeractivo.com.mx\/wp-content\/uploads\/2024\/06\/WhatsApp-Image-2024-06-30-at-1.59.45-PM-768x512.jpeg 768w, https:\/\/www.radiointeractivo.com.mx\/wp-content\/uploads\/2024\/06\/WhatsApp-Image-2024-06-30-at-1.59.45-PM-1536x1024.jpeg 1536w, https:\/\/www.radiointeractivo.com.mx\/wp-content\/uploads\/2024\/06\/WhatsApp-Image-2024-06-30-at-1.59.45-PM.jpeg 1599w\" sizes=\"auto, (max-width: 1024px) 100vw, 1024px\" \/><\/figure>\n\n\n\n<p>Por: Staff | #NuevoLaredo #Laredo #NLD #Tamaulipas<\/p>\n\n\n\n<p>Con la finalidad de reactivar la econom\u00eda de la ciudad, el Gobierno Municipal por medio de la Secretar\u00eda de Bienestar Social, otorg\u00f3 espacios a 150 emprendedores locales para que ofertaran sus productos y servicios como una estrategia para apoyar a peque\u00f1as y medianas empresas locales.<\/p>\n\n\n\n<p>Esta fue la edici\u00f3n 34 del Bazar UNE que tuvo la tem\u00e1tica de rodeo, lo que signific\u00f3 que los principales productos fueran alusivos al tema, entre los que destacan ropa, accesorios, calzado, decoraciones, entre otros.<\/p>\n\n\n\n<p>La emprendedora Gabriela Cort\u00e9z asegur\u00f3 que gracias a estos eventos municipales, los negocios locales logran mejorar su alcance y ampliar su clientela.<\/p>\n\n\n\n<p>\u201cEs una oportunidad que nos dan para darnos a conocer, ya participamos en varias ediciones y nos ha dado resultados. Agradezco este espacio al gobierno municipal porque es un gran apoyo para los emprendedores\u201d, manifest\u00f3.<\/p>\n\n\n\n<p>Por su parte, la ciudadana Rosal\u00eda Salas de Le\u00f3n, mencion\u00f3 que es la primera vez que participa en un Bazar UNE y que cumpli\u00f3 con sus expectativas.<\/p>\n\n\n\n<p>\u201cMe emociona participar y que la gente conozca mis productos, es de gran ayuda para todos y si vale la pena, ya vend\u00ed variedad de art\u00edculos y esto te motiva a seguir con tu negocios, es muy importante este apoyo\u201d, expres\u00f3.<\/p>\n\n\n\n<p>Mientras que la emprendedora Daniela Facundo Flores, resalt\u00f3 que ha participado en m\u00e1s de 10 bazares porque esta actividad permite acercarse a m\u00e1s clientes, as\u00ed como fortalecer su negocio a trav\u00e9s de las redes sociales.<\/p>\n\n\n\n<p>\u201cNos funciona mucho, hay ventas y si no se vende lo que ganas es que la gente se acerque a preguntar por tus productos y servicios, esto nos ha ayudado a crecer como negocio porque tenemos ingresos durante el bazar y conseguimos clientes potenciales\u201d, coment\u00f3.<\/p>\n\n\n\n<p>Este Bazar UNE tuvo lugar en la Plaza \u201cIgnacio Zaragoza\u201d, ubicada en Paseo Col\u00f3n, entre Ocampo y Reynosa, donde desde las 7:00 PM hasta las 11:00 PM, los neolaredenses acudieron a comprar a los comerciantes locales y disfrutar en familia de los espacios p\u00fablicos.<\/p>\n","protected":false},"excerpt":{"rendered":"<p>Por: Staff | #NuevoLaredo #Laredo #NLD #Tamaulipas Con la finalidad de reactivar la econom\u00eda de la ciudad, el Gobierno Municipal por medio de la Secretar\u00eda de Bienestar Social, otorg\u00f3 espacios a 150 emprendedores locales para que ofertaran sus productos y servicios como una estrategia para apoyar a peque\u00f1as y medianas empresas locales. Esta fue la &hellip;<\/p>\n","protected":false},"author":1,"featured_media":8610,"comment_status":"open","ping_status":"open","sticky":false,"template":"","format":"standard","meta":{"footnotes":""},"categories":[38],"tags":[],"class_list":["post-8609","post","type-post","status-publish","format-standard","has-post-thumbnail","","category-nuevo-laredo"],"_links":{"self":[{"href":"https:\/\/www.radiointeractivo.com.mx\/index.php?rest_route=\/wp\/v2\/posts\/8609","targetHints":{"allow":["GET"]}}],"collection":[{"href":"https:\/\/www.radiointeractivo.com.mx\/index.php?rest_route=\/wp\/v2\/posts"}],"about":[{"href":"https:\/\/www.radiointeractivo.com.mx\/index.php?rest_route=\/wp\/v2\/types\/post"}],"author":[{"embeddable":true,"href":"https:\/\/www.radiointeractivo.com.mx\/index.php?rest_route=\/wp\/v2\/users\/1"}],"replies":[{"embeddable":true,"href":"https:\/\/www.radiointeractivo.com.mx\/index.php?rest_route=%2Fwp%2Fv2%2Fcomments&post=8609"}],"version-history":[{"count":1,"href":"https:\/\/www.radiointeractivo.com.mx\/index.php?rest_route=\/wp\/v2\/posts\/8609\/revisions"}],"predecessor-version":[{"id":8611,"href":"https:\/\/www.radiointeractivo.com.mx\/index.php?rest_route=\/wp\/v2\/posts\/8609\/revisions\/8611"}],"wp:featuredmedia":[{"embeddable":true,"href":"https:\/\/www.radiointeractivo.com.mx\/index.php?rest_route=\/wp\/v2\/media\/8610"}],"wp:attachment":[{"href":"https:\/\/www.radiointeractivo.com.mx\/index.php?rest_route=%2Fwp%2Fv2%2Fmedia&parent=8609"}],"wp:term":[{"taxonomy":"category","embeddable":true,"href":"https:\/\/www.radiointeractivo.com.mx\/index.php?rest_route=%2Fwp%2Fv2%2Fcategories&post=8609"},{"taxonomy":"post_tag","embeddable":true,"href":"https:\/\/www.radiointeractivo.com.mx\/index.php?rest_route=%2Fwp%2Fv2%2Ftags&post=8609"}],"curies":[{"name":"wp","href":"https:\/\/api.w.org\/{rel}","templated":true}]}}