{"id":8602,"date":"2024-06-27T18:24:19","date_gmt":"2024-06-27T23:24:19","guid":{"rendered":"https:\/\/www.radiointeractivo.com.mx\/?p=8602"},"modified":"2024-06-27T18:24:21","modified_gmt":"2024-06-27T23:24:21","slug":"otorga-tamaulipas-historico-impulso-a-mipymes","status":"publish","type":"post","link":"https:\/\/www.radiointeractivo.com.mx\/?p=8602","title":{"rendered":"Otorga Tamaulipas hist\u00f3rico impulso a MiPymes"},"content":{"rendered":"\n<figure class=\"wp-block-image size-large\"><img loading=\"lazy\" decoding=\"async\" width=\"1024\" height=\"684\" src=\"https:\/\/www.radiointeractivo.com.mx\/wp-content\/uploads\/2024\/06\/WhatsApp-Image-2024-06-27-at-5.59.35-PM-1024x684.jpeg\" alt=\"\" class=\"wp-image-8603\" srcset=\"https:\/\/www.radiointeractivo.com.mx\/wp-content\/uploads\/2024\/06\/WhatsApp-Image-2024-06-27-at-5.59.35-PM-1024x684.jpeg 1024w, https:\/\/www.radiointeractivo.com.mx\/wp-content\/uploads\/2024\/06\/WhatsApp-Image-2024-06-27-at-5.59.35-PM-300x200.jpeg 300w, https:\/\/www.radiointeractivo.com.mx\/wp-content\/uploads\/2024\/06\/WhatsApp-Image-2024-06-27-at-5.59.35-PM-768x513.jpeg 768w, https:\/\/www.radiointeractivo.com.mx\/wp-content\/uploads\/2024\/06\/WhatsApp-Image-2024-06-27-at-5.59.35-PM.jpeg 1500w\" sizes=\"auto, (max-width: 1024px) 100vw, 1024px\" \/><\/figure>\n\n\n\n<p>-Este 27 de junio se celebra el D\u00eda Internacional de las MIPyMES, las cuales generan el 60% del empleo en el estado.<\/p>\n\n\n\n<p>Por: Agencias<\/p>\n\n\n\n<p>Ciudad Victoria, Tamaulipas.- Al se\u00f1alar que las micro, peque\u00f1as y medianas empresas constituyen un pilar fundamental del desarrollo econ\u00f3mico y del empleo en Tamaulipas, la secretaria de Econom\u00eda, Ninfa Cant\u00fa De\u00e1ndar, destac\u00f3 el apoyo hist\u00f3rico que en materia de financiamiento y asesor\u00eda les brinda la administraci\u00f3n del gobernador Am\u00e9rico Villarreal Anaya.<\/p>\n\n\n\n<p>En el marco del D\u00eda Internacional de las MIPyMES, la titular de la dependencia estatal indic\u00f3 que las unidades econ\u00f3micas en este segmento generan el 60% del empleo en la entidad.<\/p>\n\n\n\n<p>&#8220;Desde el inicio de la administraci\u00f3n, el gobernador nos instruy\u00f3 a brindar todo el apoyo a los empresarios tamaulipecos para fortalecer sus capacidades productivas a trav\u00e9s de las diferentes estrategias institucionales de financiamiento, capacitaci\u00f3n y asistencia t\u00e9cnica&#8221;, indic\u00f3.<\/p>\n\n\n\n<p>Cant\u00fa De\u00e1ndar dijo que con los programas Hecho en Tamaulipas y Desarrollo de Proveedores se han brindado 2,700 apoyos en asesor\u00edas y capacitaci\u00f3n a trav\u00e9s de las Ventanillas Integrales de Atenci\u00f3n instaladas a lo largo del estado.<\/p>\n\n\n\n<p>En materia de financiamiento, el Fondo Tamaulipas ha autorizado 87.1 millones de pesos para beneficiar a 4,167 emprendedores a trav\u00e9s de sus programas \u201cMicrocr\u00e9dito\u201d, \u201cMicroemprendedor\u201d y \u201cCredibienestar\u201d.<\/p>\n\n\n\n<p>A su vez, con el Programa IMPULSO se integr\u00f3 por primera vez una bolsa de m\u00e1s de 1,000 millones de pesos gracias a la coordinaci\u00f3n entre NAFINSA, el gobierno de Tamaulipas, la banca comercial y los municipios de Nuevo Laredo, Matamoros, Reynosa, Victoria y Altamira. Este programa ha beneficiado a 446 peque\u00f1as y medianas empresas.<\/p>\n\n\n\n<p>Finalmente, la secretaria de Econom\u00eda indic\u00f3 que adem\u00e1s, est\u00e1 en marcha una estrategia para integrar a las MiPymes a los grandes proyectos de inversi\u00f3n extranjera a trav\u00e9s de su incorporaci\u00f3n a la cadena de proveedores del sector industrial.<\/p>\n\n\n\n<p>Este plan contempla tambi\u00e9n impulsar la formaci\u00f3n de capital humano especializado para sectores estrat\u00e9gicos en alianza con las secretar\u00edas de Educaci\u00f3n y del Trabajo, y el fomento al desarrollo tecnol\u00f3gico en la industria, para lo cual se crear\u00e1 pr\u00f3ximamente un nuevo Centro Estatal de Innovaci\u00f3n y Econom\u00eda.<\/p>\n","protected":false},"excerpt":{"rendered":"<p>-Este 27 de junio se celebra el D\u00eda Internacional de las MIPyMES, las cuales generan el 60% del empleo en el estado. Por: Agencias Ciudad Victoria, Tamaulipas.- Al se\u00f1alar que las micro, peque\u00f1as y medianas empresas constituyen un pilar fundamental del desarrollo econ\u00f3mico y del empleo en Tamaulipas, la secretaria de Econom\u00eda, Ninfa Cant\u00fa De\u00e1ndar, &hellip;<\/p>\n","protected":false},"author":1,"featured_media":8603,"comment_status":"open","ping_status":"open","sticky":false,"template":"","format":"standard","meta":{"footnotes":""},"categories":[39],"tags":[],"class_list":["post-8602","post","type-post","status-publish","format-standard","has-post-thumbnail","","category-tamaulipas"],"_links":{"self":[{"href":"https:\/\/www.radiointeractivo.com.mx\/index.php?rest_route=\/wp\/v2\/posts\/8602","targetHints":{"allow":["GET"]}}],"collection":[{"href":"https:\/\/www.radiointeractivo.com.mx\/index.php?rest_route=\/wp\/v2\/posts"}],"about":[{"href":"https:\/\/www.radiointeractivo.com.mx\/index.php?rest_route=\/wp\/v2\/types\/post"}],"author":[{"embeddable":true,"href":"https:\/\/www.radiointeractivo.com.mx\/index.php?rest_route=\/wp\/v2\/users\/1"}],"replies":[{"embeddable":true,"href":"https:\/\/www.radiointeractivo.com.mx\/index.php?rest_route=%2Fwp%2Fv2%2Fcomments&post=8602"}],"version-history":[{"count":1,"href":"https:\/\/www.radiointeractivo.com.mx\/index.php?rest_route=\/wp\/v2\/posts\/8602\/revisions"}],"predecessor-version":[{"id":8604,"href":"https:\/\/www.radiointeractivo.com.mx\/index.php?rest_route=\/wp\/v2\/posts\/8602\/revisions\/8604"}],"wp:featuredmedia":[{"embeddable":true,"href":"https:\/\/www.radiointeractivo.com.mx\/index.php?rest_route=\/wp\/v2\/media\/8603"}],"wp:attachment":[{"href":"https:\/\/www.radiointeractivo.com.mx\/index.php?rest_route=%2Fwp%2Fv2%2Fmedia&parent=8602"}],"wp:term":[{"taxonomy":"category","embeddable":true,"href":"https:\/\/www.radiointeractivo.com.mx\/index.php?rest_route=%2Fwp%2Fv2%2Fcategories&post=8602"},{"taxonomy":"post_tag","embeddable":true,"href":"https:\/\/www.radiointeractivo.com.mx\/index.php?rest_route=%2Fwp%2Fv2%2Ftags&post=8602"}],"curies":[{"name":"wp","href":"https:\/\/api.w.org\/{rel}","templated":true}]}}