{"id":8590,"date":"2024-06-27T16:25:44","date_gmt":"2024-06-27T21:25:44","guid":{"rendered":"https:\/\/www.radiointeractivo.com.mx\/?p=8590"},"modified":"2024-06-27T16:25:45","modified_gmt":"2024-06-27T21:25:45","slug":"destaca-investigadora-el-humanismo-y-el-respeto-a-los-derechos-humanos-del-gobierno-de-americo-villarreal","status":"publish","type":"post","link":"https:\/\/www.radiointeractivo.com.mx\/?p=8590","title":{"rendered":"Destaca investigadora el humanismo y el respeto a los derechos humanos del gobierno de Am\u00e9rico Villarreal"},"content":{"rendered":"\n<figure class=\"wp-block-image size-large\"><img loading=\"lazy\" decoding=\"async\" width=\"1024\" height=\"768\" src=\"https:\/\/www.radiointeractivo.com.mx\/wp-content\/uploads\/2024\/06\/WhatsApp-Image-2024-06-27-at-3.44.14-PM-1024x768.jpeg\" alt=\"\" class=\"wp-image-8591\" srcset=\"https:\/\/www.radiointeractivo.com.mx\/wp-content\/uploads\/2024\/06\/WhatsApp-Image-2024-06-27-at-3.44.14-PM-1024x768.jpeg 1024w, https:\/\/www.radiointeractivo.com.mx\/wp-content\/uploads\/2024\/06\/WhatsApp-Image-2024-06-27-at-3.44.14-PM-300x225.jpeg 300w, https:\/\/www.radiointeractivo.com.mx\/wp-content\/uploads\/2024\/06\/WhatsApp-Image-2024-06-27-at-3.44.14-PM-768x576.jpeg 768w, https:\/\/www.radiointeractivo.com.mx\/wp-content\/uploads\/2024\/06\/WhatsApp-Image-2024-06-27-at-3.44.14-PM-1536x1152.jpeg 1536w, https:\/\/www.radiointeractivo.com.mx\/wp-content\/uploads\/2024\/06\/WhatsApp-Image-2024-06-27-at-3.44.14-PM.jpeg 1600w\" sizes=\"auto, (max-width: 1024px) 100vw, 1024px\" \/><\/figure>\n\n\n\n<p>-Durante la presentaci\u00f3n del libro \u201cLa Seguridad Ciudadana en Tamaulipas\u201d, la doctora Olga Nacori L\u00f3pez Hern\u00e1ndez dijo que en los \u00faltimos a\u00f1os los delitos de alto impacto han disminuido<\/p>\n\n\n\n<p>Por: Agencias<\/p>\n\n\n\n<p>Ciudad Victoria, Tamaulipas.- Al destacar el humanismo y el pleno respeto a los derechos humanos dentro de la pol\u00edtica del gobernador Am\u00e9rico Villarreal en el rubro de la seguridad p\u00fablica, la doctora Olga Nacori L\u00f3pez indic\u00f3 que los delitos de alto impacto como extorsi\u00f3n, robos, entre otros, han disminuido considerablemente en la entidad.<\/p>\n\n\n\n<p>Entrevistada luego de la presentaci\u00f3n del libro \u201cLa Seguridad Ciudadana en Tamaulipas\u201d, con la presencia del rector del Colegio de Tamaulipas, Marco Antonio Moreno Castellanos y de su hom\u00f3logo de la USJT, Willy Z\u00fa\u00f1iga Castillo, la investigadora se\u00f1al\u00f3 que se percibe en la poblaci\u00f3n este efecto de disminuci\u00f3n de dichos delitos.<\/p>\n\n\n\n<p>\u201cEs conveniente hacer una investigaci\u00f3n al respecto para analizar qu\u00e9 tanto han disminuido las violencias de cada tipo, as\u00ed como los indicadores de empleo, nivel de bienestar, etc.\u201d<\/p>\n\n\n\n<p>Nacori L\u00f3pez dijo que la percepci\u00f3n de bienestar se reflej\u00f3 en los resultados electorales recientes, y aunque es subjetivo, la sociedad percibe que vive en mejores condiciones.<\/p>\n\n\n\n<p>Dijo que la seguridad debe verse de manera integral, no solo como penas y castigos sino desde el punto de vista de la prevenci\u00f3n, y sugiri\u00f3 analizar los elementos que se est\u00e1n considerando como derechos humanos, el nivel de bienestar, entre otros, para tener certeza de los avances en la materia.<\/p>\n\n\n\n<p>\u201cMe parece perfecto que se est\u00e9n incluyendo estos temas en la educaci\u00f3n de los futuros profesionistas de la Universidad de Seguridad y Justicia de Tamaulipas; van por muy buen camino, tendr\u00edamos que analizar dentro de la universidad c\u00f3mo est\u00e1n viviendo los estudiantes, la inclusi\u00f3n de los derechos humanos y la perspectiva de g\u00e9nero, si se est\u00e1n dando, qu\u00e9 bueno, esa es una de las necesidades y en la medida que podamos replicar los procesos podr\u00edamos tener mejores resultados en la sociedad\u201d, concluy\u00f3.<\/p>\n","protected":false},"excerpt":{"rendered":"<p>-Durante la presentaci\u00f3n del libro \u201cLa Seguridad Ciudadana en Tamaulipas\u201d, la doctora Olga Nacori L\u00f3pez Hern\u00e1ndez dijo que en los \u00faltimos a\u00f1os los delitos de alto impacto han disminuido Por: Agencias Ciudad Victoria, Tamaulipas.- Al destacar el humanismo y el pleno respeto a los derechos humanos dentro de la pol\u00edtica del gobernador Am\u00e9rico Villarreal en &hellip;<\/p>\n","protected":false},"author":1,"featured_media":8591,"comment_status":"open","ping_status":"open","sticky":false,"template":"","format":"standard","meta":{"footnotes":""},"categories":[39],"tags":[],"class_list":["post-8590","post","type-post","status-publish","format-standard","has-post-thumbnail","","category-tamaulipas"],"_links":{"self":[{"href":"https:\/\/www.radiointeractivo.com.mx\/index.php?rest_route=\/wp\/v2\/posts\/8590","targetHints":{"allow":["GET"]}}],"collection":[{"href":"https:\/\/www.radiointeractivo.com.mx\/index.php?rest_route=\/wp\/v2\/posts"}],"about":[{"href":"https:\/\/www.radiointeractivo.com.mx\/index.php?rest_route=\/wp\/v2\/types\/post"}],"author":[{"embeddable":true,"href":"https:\/\/www.radiointeractivo.com.mx\/index.php?rest_route=\/wp\/v2\/users\/1"}],"replies":[{"embeddable":true,"href":"https:\/\/www.radiointeractivo.com.mx\/index.php?rest_route=%2Fwp%2Fv2%2Fcomments&post=8590"}],"version-history":[{"count":1,"href":"https:\/\/www.radiointeractivo.com.mx\/index.php?rest_route=\/wp\/v2\/posts\/8590\/revisions"}],"predecessor-version":[{"id":8592,"href":"https:\/\/www.radiointeractivo.com.mx\/index.php?rest_route=\/wp\/v2\/posts\/8590\/revisions\/8592"}],"wp:featuredmedia":[{"embeddable":true,"href":"https:\/\/www.radiointeractivo.com.mx\/index.php?rest_route=\/wp\/v2\/media\/8591"}],"wp:attachment":[{"href":"https:\/\/www.radiointeractivo.com.mx\/index.php?rest_route=%2Fwp%2Fv2%2Fmedia&parent=8590"}],"wp:term":[{"taxonomy":"category","embeddable":true,"href":"https:\/\/www.radiointeractivo.com.mx\/index.php?rest_route=%2Fwp%2Fv2%2Fcategories&post=8590"},{"taxonomy":"post_tag","embeddable":true,"href":"https:\/\/www.radiointeractivo.com.mx\/index.php?rest_route=%2Fwp%2Fv2%2Ftags&post=8590"}],"curies":[{"name":"wp","href":"https:\/\/api.w.org\/{rel}","templated":true}]}}