{"id":8571,"date":"2024-06-26T23:05:47","date_gmt":"2024-06-27T04:05:47","guid":{"rendered":"https:\/\/www.radiointeractivo.com.mx\/?p=8571"},"modified":"2024-06-26T23:05:49","modified_gmt":"2024-06-27T04:05:49","slug":"activa-sst-fase-de-recuperacion-para-detectar-brotes-de-enfermedades","status":"publish","type":"post","link":"https:\/\/www.radiointeractivo.com.mx\/?p=8571","title":{"rendered":"Activa SST fase de recuperaci\u00f3n para detectar brotes de enfermedades"},"content":{"rendered":"\n<figure class=\"wp-block-image size-large\"><img loading=\"lazy\" decoding=\"async\" width=\"1024\" height=\"682\" src=\"https:\/\/www.radiointeractivo.com.mx\/wp-content\/uploads\/2024\/06\/WhatsApp-Image-2024-06-26-at-7.40.36-PM-1024x682.jpeg\" alt=\"\" class=\"wp-image-8572\" srcset=\"https:\/\/www.radiointeractivo.com.mx\/wp-content\/uploads\/2024\/06\/WhatsApp-Image-2024-06-26-at-7.40.36-PM-1024x682.jpeg 1024w, https:\/\/www.radiointeractivo.com.mx\/wp-content\/uploads\/2024\/06\/WhatsApp-Image-2024-06-26-at-7.40.36-PM-300x200.jpeg 300w, https:\/\/www.radiointeractivo.com.mx\/wp-content\/uploads\/2024\/06\/WhatsApp-Image-2024-06-26-at-7.40.36-PM-768x512.jpeg 768w, https:\/\/www.radiointeractivo.com.mx\/wp-content\/uploads\/2024\/06\/WhatsApp-Image-2024-06-26-at-7.40.36-PM-1536x1023.jpeg 1536w, https:\/\/www.radiointeractivo.com.mx\/wp-content\/uploads\/2024\/06\/WhatsApp-Image-2024-06-26-at-7.40.36-PM-310x205.jpeg 310w, https:\/\/www.radiointeractivo.com.mx\/wp-content\/uploads\/2024\/06\/WhatsApp-Image-2024-06-26-at-7.40.36-PM.jpeg 1600w\" sizes=\"auto, (max-width: 1024px) 100vw, 1024px\" \/><\/figure>\n\n\n\n<p>Por: Agencias<\/p>\n\n\n\n<p>Ciudad Victoria, Tamaulipas.- Luego de conocer los riesgos en las zonas afectadas por las lluvias y el perfil de salud en el que se encuentra la poblaci\u00f3n que habita en las comunidades inundadas e incomunicadas, la Secretar\u00eda de Salud de Tamaulipas activ\u00f3 la fase de recuperaci\u00f3n y, con el apoyo de 45 brigadas m\u00e9dicas, atiende y establece las medidas sanitarias para evitar que se registren brotes de enfermedades.<\/p>\n\n\n\n<p>El secretario de Salud, Vicente Joel Hern\u00e1ndez Navarro, se\u00f1al\u00f3 que ante el riesgo que existe y los problemas de salud que podr\u00edan registrarse, como enfermedades gastrointestinales, hepatitis A, enfermedades respiratorias, heridas, problemas de la piel, y las provocadas por vectores como el dengue, paludismo, virus del oeste del Nilo, picaduras de animales, entre otras, se desplazan las brigadas para atender a la poblaci\u00f3n.<\/p>\n\n\n\n<p>\u201cSon unas 45 brigadas conformadas por personal m\u00e9dico y de enfermer\u00eda y otras 45 en las que participa la COEPRIS para el saneamiento de las \u00e1reas y de vectores para el desarrollo de acciones de abatizaci\u00f3n, fumigaci\u00f3n y detecci\u00f3n de casos para evitar epidemias\u201d, se\u00f1al\u00f3 Hern\u00e1ndez Navarro.<\/p>\n\n\n\n<p>Dijo que al determinar la magnitud del impacto, los da\u00f1os y el riesgo a la poblaci\u00f3n que este tipo de eventos meteorol\u00f3gicos representan, los servicios se adaptan de acuerdo con la demanda de atenci\u00f3n, la tendencia de enfermedades y los brotes que podr\u00edan presentarse.<\/p>\n\n\n\n<p>Esta fase de atenci\u00f3n a la poblaci\u00f3n afectada es para garantizar el regreso a la normalidad, por ello se mantiene el operativo de prevenci\u00f3n y atenci\u00f3n de control de enfermedades; monitoreo y verificaci\u00f3n de los giros prioritarios para control de dengue y eliminaci\u00f3n de criaderos, la verificaci\u00f3n a establecimientos como escuelas, mercados, cocinas comunitarias, entre otros; se realizan pl\u00e1ticas de manejo de alimentos y lavado de manos, as\u00ed como la distribuci\u00f3n de kits de higiene personal.<\/p>\n\n\n\n<p>Hasta el momento no existe alg\u00fan riesgo ni brote de enfermedades, pero al cierre de estas actividades se deber\u00e1 considerar que las zonas se encuentran bajo control, seguras y sin brotes epid\u00e9micos.<\/p>\n\n\n\n<p>Se\u00f1al\u00f3 que estas actividades de prevenci\u00f3n, atenci\u00f3n y vigilancia podr\u00edan permanecer hasta un mes y en ellas participa la CONAGUA, que monitorea y actualiza el pron\u00f3stico del tiempo; Protecci\u00f3n Civil, que salvaguarda a la poblaci\u00f3n y determina las \u00e1reas en riesgo para el acceso; as\u00ed como el IMSS Bienestar, Seguridad P\u00fablica, DIF, SEDESOL, SEDENA, Secretar\u00eda de Educaci\u00f3n, el CRUM, entre otras que participan activamente para el bienestar de las personas afectadas.<\/p>\n","protected":false},"excerpt":{"rendered":"<p>Por: Agencias Ciudad Victoria, Tamaulipas.- Luego de conocer los riesgos en las zonas afectadas por las lluvias y el perfil de salud en el que se encuentra la poblaci\u00f3n que habita en las comunidades inundadas e incomunicadas, la Secretar\u00eda de Salud de Tamaulipas activ\u00f3 la fase de recuperaci\u00f3n y, con el apoyo de 45 brigadas &hellip;<\/p>\n","protected":false},"author":1,"featured_media":8572,"comment_status":"open","ping_status":"open","sticky":false,"template":"","format":"standard","meta":{"footnotes":""},"categories":[39],"tags":[],"class_list":["post-8571","post","type-post","status-publish","format-standard","has-post-thumbnail","","category-tamaulipas"],"_links":{"self":[{"href":"https:\/\/www.radiointeractivo.com.mx\/index.php?rest_route=\/wp\/v2\/posts\/8571","targetHints":{"allow":["GET"]}}],"collection":[{"href":"https:\/\/www.radiointeractivo.com.mx\/index.php?rest_route=\/wp\/v2\/posts"}],"about":[{"href":"https:\/\/www.radiointeractivo.com.mx\/index.php?rest_route=\/wp\/v2\/types\/post"}],"author":[{"embeddable":true,"href":"https:\/\/www.radiointeractivo.com.mx\/index.php?rest_route=\/wp\/v2\/users\/1"}],"replies":[{"embeddable":true,"href":"https:\/\/www.radiointeractivo.com.mx\/index.php?rest_route=%2Fwp%2Fv2%2Fcomments&post=8571"}],"version-history":[{"count":1,"href":"https:\/\/www.radiointeractivo.com.mx\/index.php?rest_route=\/wp\/v2\/posts\/8571\/revisions"}],"predecessor-version":[{"id":8573,"href":"https:\/\/www.radiointeractivo.com.mx\/index.php?rest_route=\/wp\/v2\/posts\/8571\/revisions\/8573"}],"wp:featuredmedia":[{"embeddable":true,"href":"https:\/\/www.radiointeractivo.com.mx\/index.php?rest_route=\/wp\/v2\/media\/8572"}],"wp:attachment":[{"href":"https:\/\/www.radiointeractivo.com.mx\/index.php?rest_route=%2Fwp%2Fv2%2Fmedia&parent=8571"}],"wp:term":[{"taxonomy":"category","embeddable":true,"href":"https:\/\/www.radiointeractivo.com.mx\/index.php?rest_route=%2Fwp%2Fv2%2Fcategories&post=8571"},{"taxonomy":"post_tag","embeddable":true,"href":"https:\/\/www.radiointeractivo.com.mx\/index.php?rest_route=%2Fwp%2Fv2%2Ftags&post=8571"}],"curies":[{"name":"wp","href":"https:\/\/api.w.org\/{rel}","templated":true}]}}