{"id":8566,"date":"2024-06-26T23:03:38","date_gmt":"2024-06-27T04:03:38","guid":{"rendered":"https:\/\/www.radiointeractivo.com.mx\/?p=8566"},"modified":"2024-06-26T23:03:39","modified_gmt":"2024-06-27T04:03:39","slug":"tamaulipas-se-une-a-la-campana-nacional-contra-la-tortura-2024-con-platicas-de-sensibilizacion-para-servidores-publicos","status":"publish","type":"post","link":"https:\/\/www.radiointeractivo.com.mx\/?p=8566","title":{"rendered":"Tamaulipas se une a la Campa\u00f1a Nacional contra la Tortura 2024 con pl\u00e1ticas de sensibilizaci\u00f3n para servidores p\u00fablicos"},"content":{"rendered":"\n<figure class=\"wp-block-image size-large\"><img loading=\"lazy\" decoding=\"async\" width=\"1024\" height=\"768\" src=\"https:\/\/www.radiointeractivo.com.mx\/wp-content\/uploads\/2024\/06\/WhatsApp-Image-2024-06-26-at-7.42.06-PM-1024x768.jpeg\" alt=\"\" class=\"wp-image-8567\" srcset=\"https:\/\/www.radiointeractivo.com.mx\/wp-content\/uploads\/2024\/06\/WhatsApp-Image-2024-06-26-at-7.42.06-PM-1024x768.jpeg 1024w, https:\/\/www.radiointeractivo.com.mx\/wp-content\/uploads\/2024\/06\/WhatsApp-Image-2024-06-26-at-7.42.06-PM-300x225.jpeg 300w, https:\/\/www.radiointeractivo.com.mx\/wp-content\/uploads\/2024\/06\/WhatsApp-Image-2024-06-26-at-7.42.06-PM-768x576.jpeg 768w, https:\/\/www.radiointeractivo.com.mx\/wp-content\/uploads\/2024\/06\/WhatsApp-Image-2024-06-26-at-7.42.06-PM.jpeg 1428w\" sizes=\"auto, (max-width: 1024px) 100vw, 1024px\" \/><\/figure>\n\n\n\n<p>Por: Agencias<\/p>\n\n\n\n<p>Ciudad Victoria, Tamaulipas. &#8211; En apoyo a la Campa\u00f1a Nacional contra la Tortura, impulsada por la Secretar\u00eda de Gobernaci\u00f3n, la Secretar\u00eda General de Gobierno de Tamaulipas, dirigida por H\u00e9ctor Joel Villegas Gonz\u00e1lez, inici\u00f3 una serie de pl\u00e1ticas dirigidas a las y los servidores p\u00fablicos. El objetivo es brindar datos relevantes, sensibilizar y capacitar al personal sobre la importancia de erradicar la tortura y garantizar el respeto a los derechos humanos en el desempe\u00f1o de sus funciones.<\/p>\n\n\n\n<p>Estas actividades forman parte de las acciones de difusi\u00f3n que buscan promover la informaci\u00f3n y prevenci\u00f3n de actos de tortura. Entre los temas abordados se incluyen la definici\u00f3n de tortura, su tipificaci\u00f3n como delito, las obligaciones de las autoridades y los derechos de las v\u00edctimas, proporcionando as\u00ed a los servidores p\u00fablicos las herramientas necesarias para aplicar estos conocimientos dentro de sus competencias.<\/p>\n\n\n\n<p>El secretario general de Gobierno, H\u00e9ctor Joel Villegas Gonz\u00e1lez, destac\u00f3 que ha sido una directriz tanto del presidente Andr\u00e9s Manuel L\u00f3pez Obrador como del gobernador Am\u00e9rico Villarreal Anaya que todas las pol\u00edticas p\u00fablicas est\u00e9n orientadas a proteger los derechos humanos. Esta medida tiene como objetivo fundamental construir una sociedad mejor.<\/p>\n\n\n\n<p>El funcionario estatal subray\u00f3 que en el estado de Tamaulipas no existe impunidad y exhort\u00f3 a los servidores p\u00fablicos a actuar con amor al pr\u00f3jimo en el desempe\u00f1o de sus funciones. &#8220;Es imperativo que todos los servidores p\u00fablicos se conduzcan con integridad y humanidad, garantizando as\u00ed el respeto a los derechos humanos en cada acci\u00f3n que realicen&#8221;, afirm\u00f3.<\/p>\n\n\n\n<p>El compromiso del Gobierno de Tamaulipas con la erradicaci\u00f3n de la tortura y la protecci\u00f3n de los derechos humanos se ve reflejado en estas pl\u00e1ticas de sensibilizaci\u00f3n, que forman parte de la Campa\u00f1a Nacional contra la Tortura 2024. Estas acciones buscan capacitar y concienciar al personal sobre la importancia de erradicar la tortura y asegurar el respeto a los derechos humanos en todas las \u00e1reas de la administraci\u00f3n p\u00fablica.<\/p>\n\n\n\n<p>Lo acompa\u00f1aron en este evento Jorge Luis Beas G\u00e1mez, subsecretario de Legalidad y Servicios Gubernamentales de la Secretar\u00eda General de Gobierno; Miguel \u00c1ngel Doria Ram\u00edrez, director de Control y Seguimiento de Recomendaciones de Derechos Humanos; Susana Hern\u00e1ndez Enciso, presidenta interina de la Comisi\u00f3n de Derechos Humanos del Estado de Tamaulipas; Carolina Gonz\u00e1lez Maldonado, coordinadora general Jur\u00eddica y de Transparencia en representaci\u00f3n del secretario de Seguridad P\u00fablica de Tamaulipas; Mariana Ram\u00edrez Solano, fiscal especializada en la Investigaci\u00f3n de Violaciones a Derechos Humanos en representaci\u00f3n del fiscal general de Justicia del Estado de Tamaulipas; Lorena Perales Salinas, comisionada estatal de Atenci\u00f3n a V\u00edctimas; Juan Jos\u00e9 Rodr\u00edguez Alvarado, director general del Instituto Tamaulipeco para los Migrantes y Ludivina Aldape Garfias, coordinadora general de Legalidad.<\/p>\n","protected":false},"excerpt":{"rendered":"<p>Por: Agencias Ciudad Victoria, Tamaulipas. &#8211; En apoyo a la Campa\u00f1a Nacional contra la Tortura, impulsada por la Secretar\u00eda de Gobernaci\u00f3n, la Secretar\u00eda General de Gobierno de Tamaulipas, dirigida por H\u00e9ctor Joel Villegas Gonz\u00e1lez, inici\u00f3 una serie de pl\u00e1ticas dirigidas a las y los servidores p\u00fablicos. El objetivo es brindar datos relevantes, sensibilizar y capacitar &hellip;<\/p>\n","protected":false},"author":1,"featured_media":8567,"comment_status":"open","ping_status":"open","sticky":false,"template":"","format":"standard","meta":{"footnotes":""},"categories":[39],"tags":[],"class_list":["post-8566","post","type-post","status-publish","format-standard","has-post-thumbnail","","category-tamaulipas"],"_links":{"self":[{"href":"https:\/\/www.radiointeractivo.com.mx\/index.php?rest_route=\/wp\/v2\/posts\/8566","targetHints":{"allow":["GET"]}}],"collection":[{"href":"https:\/\/www.radiointeractivo.com.mx\/index.php?rest_route=\/wp\/v2\/posts"}],"about":[{"href":"https:\/\/www.radiointeractivo.com.mx\/index.php?rest_route=\/wp\/v2\/types\/post"}],"author":[{"embeddable":true,"href":"https:\/\/www.radiointeractivo.com.mx\/index.php?rest_route=\/wp\/v2\/users\/1"}],"replies":[{"embeddable":true,"href":"https:\/\/www.radiointeractivo.com.mx\/index.php?rest_route=%2Fwp%2Fv2%2Fcomments&post=8566"}],"version-history":[{"count":1,"href":"https:\/\/www.radiointeractivo.com.mx\/index.php?rest_route=\/wp\/v2\/posts\/8566\/revisions"}],"predecessor-version":[{"id":8568,"href":"https:\/\/www.radiointeractivo.com.mx\/index.php?rest_route=\/wp\/v2\/posts\/8566\/revisions\/8568"}],"wp:featuredmedia":[{"embeddable":true,"href":"https:\/\/www.radiointeractivo.com.mx\/index.php?rest_route=\/wp\/v2\/media\/8567"}],"wp:attachment":[{"href":"https:\/\/www.radiointeractivo.com.mx\/index.php?rest_route=%2Fwp%2Fv2%2Fmedia&parent=8566"}],"wp:term":[{"taxonomy":"category","embeddable":true,"href":"https:\/\/www.radiointeractivo.com.mx\/index.php?rest_route=%2Fwp%2Fv2%2Fcategories&post=8566"},{"taxonomy":"post_tag","embeddable":true,"href":"https:\/\/www.radiointeractivo.com.mx\/index.php?rest_route=%2Fwp%2Fv2%2Ftags&post=8566"}],"curies":[{"name":"wp","href":"https:\/\/api.w.org\/{rel}","templated":true}]}}