{"id":8557,"date":"2024-06-26T15:00:00","date_gmt":"2024-06-26T20:00:00","guid":{"rendered":"https:\/\/www.radiointeractivo.com.mx\/?p=8557"},"modified":"2024-06-26T15:00:01","modified_gmt":"2024-06-26T20:00:01","slug":"la-agenda-2030-nos-llama-a-no-dejar-a-nadie-atras-jose-ramon-silva","status":"publish","type":"post","link":"https:\/\/www.radiointeractivo.com.mx\/?p=8557","title":{"rendered":"La Agenda 2030 nos llama a no dejar a nadie atr\u00e1s: Jos\u00e9 Ram\u00f3n Silva"},"content":{"rendered":"\n<figure class=\"wp-block-image size-large\"><img loading=\"lazy\" decoding=\"async\" width=\"1024\" height=\"682\" src=\"https:\/\/www.radiointeractivo.com.mx\/wp-content\/uploads\/2024\/06\/WhatsApp-Image-2024-06-26-at-12.35.46-PM-1024x682.jpeg\" alt=\"\" class=\"wp-image-8558\" srcset=\"https:\/\/www.radiointeractivo.com.mx\/wp-content\/uploads\/2024\/06\/WhatsApp-Image-2024-06-26-at-12.35.46-PM-1024x682.jpeg 1024w, https:\/\/www.radiointeractivo.com.mx\/wp-content\/uploads\/2024\/06\/WhatsApp-Image-2024-06-26-at-12.35.46-PM-300x200.jpeg 300w, https:\/\/www.radiointeractivo.com.mx\/wp-content\/uploads\/2024\/06\/WhatsApp-Image-2024-06-26-at-12.35.46-PM-768x512.jpeg 768w, https:\/\/www.radiointeractivo.com.mx\/wp-content\/uploads\/2024\/06\/WhatsApp-Image-2024-06-26-at-12.35.46-PM-1536x1023.jpeg 1536w, https:\/\/www.radiointeractivo.com.mx\/wp-content\/uploads\/2024\/06\/WhatsApp-Image-2024-06-26-at-12.35.46-PM-310x205.jpeg 310w, https:\/\/www.radiointeractivo.com.mx\/wp-content\/uploads\/2024\/06\/WhatsApp-Image-2024-06-26-at-12.35.46-PM.jpeg 1600w\" sizes=\"auto, (max-width: 1024px) 100vw, 1024px\" \/><\/figure>\n\n\n\n<p>Por: Agencias<\/p>\n\n\n\n<p>Ciudad Victoria, Tamaulipas.- \u201cLa Agenda 2030 nos llama a no dejar a nadie atr\u00e1s, esto se aplica tambi\u00e9n al acceso a la energ\u00eda\u201d, afirm\u00f3 el secretario de Desarrollo Energ\u00e9tico, Jos\u00e9 Ram\u00f3n Silva, durante la segunda sesi\u00f3n ordinaria anual del Consejo Estatal de la Agenda 2030, presidida por el gobernador Am\u00e9rico Villarreal.<\/p>\n\n\n\n<p>En su intervenci\u00f3n, el secretario recalc\u00f3 tres puntos clave que gu\u00edan hacia un futuro donde las decisiones y pol\u00edticas est\u00e9n alineadas con los Objetivos de Desarrollo Sostenible.<\/p>\n\n\n\n<p>\u201cComo primer punto, la Transici\u00f3n Energ\u00e9tica Inteligente: tener una diversificaci\u00f3n de nuestra matriz energ\u00e9tica, la promoci\u00f3n de energ\u00edas renovables y la adopci\u00f3n de tecnolog\u00edas inteligentes son esenciales para alcanzar nuestros objetivos. Como segundo punto, la Inclusi\u00f3n y Participaci\u00f3n Ciudadana y como tercer punto, las Alianzas Estrat\u00e9gicas\u201d.<\/p>\n\n\n\n<p>En este espacio, coment\u00f3 que se trabaja en un programa de generaci\u00f3n distribuida que beneficiar\u00e1 al pueblo tamaulipeco.<\/p>\n\n\n\n<p>\u201cEstamos creando para 2025 el programa de generaci\u00f3n distribuida para casa habitaci\u00f3n, en el cual lanzaremos beneficios para la poblaci\u00f3n, permitiendo obtener paneles solares con cr\u00e9ditos justos y acceso a energ\u00eda asequible\u201d.<\/p>\n\n\n\n<p>Adem\u00e1s, expres\u00f3 que en el mes de abril Tamaulipas fue galardonado como ejemplo mundial, siendo el primer estado en tener su plan sectorial certificado.<\/p>\n\n\n\n<p>\u201cPor instrucciones de nuestro gobernador, en el mes de abril participamos en la cumbre de l\u00edderes de Naciones Unidas en Ginebra, Suiza, donde se otorg\u00f3 a Tamaulipas el galard\u00f3n como ejemplo mundial por ser el primer estado en tener su plan sectorial de energ\u00eda certificado, siguiendo precisamente los lineamientos de este Consejo Estatal de la Agenda 2030\u201d.<\/p>\n","protected":false},"excerpt":{"rendered":"<p>Por: Agencias Ciudad Victoria, Tamaulipas.- \u201cLa Agenda 2030 nos llama a no dejar a nadie atr\u00e1s, esto se aplica tambi\u00e9n al acceso a la energ\u00eda\u201d, afirm\u00f3 el secretario de Desarrollo Energ\u00e9tico, Jos\u00e9 Ram\u00f3n Silva, durante la segunda sesi\u00f3n ordinaria anual del Consejo Estatal de la Agenda 2030, presidida por el gobernador Am\u00e9rico Villarreal. En su &hellip;<\/p>\n","protected":false},"author":1,"featured_media":8558,"comment_status":"open","ping_status":"open","sticky":false,"template":"","format":"standard","meta":{"footnotes":""},"categories":[39],"tags":[],"class_list":["post-8557","post","type-post","status-publish","format-standard","has-post-thumbnail","","category-tamaulipas"],"_links":{"self":[{"href":"https:\/\/www.radiointeractivo.com.mx\/index.php?rest_route=\/wp\/v2\/posts\/8557","targetHints":{"allow":["GET"]}}],"collection":[{"href":"https:\/\/www.radiointeractivo.com.mx\/index.php?rest_route=\/wp\/v2\/posts"}],"about":[{"href":"https:\/\/www.radiointeractivo.com.mx\/index.php?rest_route=\/wp\/v2\/types\/post"}],"author":[{"embeddable":true,"href":"https:\/\/www.radiointeractivo.com.mx\/index.php?rest_route=\/wp\/v2\/users\/1"}],"replies":[{"embeddable":true,"href":"https:\/\/www.radiointeractivo.com.mx\/index.php?rest_route=%2Fwp%2Fv2%2Fcomments&post=8557"}],"version-history":[{"count":1,"href":"https:\/\/www.radiointeractivo.com.mx\/index.php?rest_route=\/wp\/v2\/posts\/8557\/revisions"}],"predecessor-version":[{"id":8559,"href":"https:\/\/www.radiointeractivo.com.mx\/index.php?rest_route=\/wp\/v2\/posts\/8557\/revisions\/8559"}],"wp:featuredmedia":[{"embeddable":true,"href":"https:\/\/www.radiointeractivo.com.mx\/index.php?rest_route=\/wp\/v2\/media\/8558"}],"wp:attachment":[{"href":"https:\/\/www.radiointeractivo.com.mx\/index.php?rest_route=%2Fwp%2Fv2%2Fmedia&parent=8557"}],"wp:term":[{"taxonomy":"category","embeddable":true,"href":"https:\/\/www.radiointeractivo.com.mx\/index.php?rest_route=%2Fwp%2Fv2%2Fcategories&post=8557"},{"taxonomy":"post_tag","embeddable":true,"href":"https:\/\/www.radiointeractivo.com.mx\/index.php?rest_route=%2Fwp%2Fv2%2Ftags&post=8557"}],"curies":[{"name":"wp","href":"https:\/\/api.w.org\/{rel}","templated":true}]}}