{"id":8554,"date":"2024-06-26T14:55:02","date_gmt":"2024-06-26T19:55:02","guid":{"rendered":"https:\/\/www.radiointeractivo.com.mx\/?p=8554"},"modified":"2024-06-26T14:55:03","modified_gmt":"2024-06-26T19:55:03","slug":"se-ubica-tamaulipas-entre-los-diez-estados-mejor-evaluados-del-pais","status":"publish","type":"post","link":"https:\/\/www.radiointeractivo.com.mx\/?p=8554","title":{"rendered":"Se ubica Tamaulipas entre los diez estados mejor evaluados del pa\u00eds"},"content":{"rendered":"\n<figure class=\"wp-block-image size-large\"><img loading=\"lazy\" decoding=\"async\" width=\"1024\" height=\"640\" src=\"https:\/\/www.radiointeractivo.com.mx\/wp-content\/uploads\/2024\/06\/Americo-Villarreal-Anaya-gana-la-gubernatura-1024x640.jpeg\" alt=\"\" class=\"wp-image-8555\" srcset=\"https:\/\/www.radiointeractivo.com.mx\/wp-content\/uploads\/2024\/06\/Americo-Villarreal-Anaya-gana-la-gubernatura-1024x640.jpeg 1024w, https:\/\/www.radiointeractivo.com.mx\/wp-content\/uploads\/2024\/06\/Americo-Villarreal-Anaya-gana-la-gubernatura-300x187.jpeg 300w, https:\/\/www.radiointeractivo.com.mx\/wp-content\/uploads\/2024\/06\/Americo-Villarreal-Anaya-gana-la-gubernatura-768x480.jpeg 768w, https:\/\/www.radiointeractivo.com.mx\/wp-content\/uploads\/2024\/06\/Americo-Villarreal-Anaya-gana-la-gubernatura.jpeg 1140w\" sizes=\"auto, (max-width: 1024px) 100vw, 1024px\" \/><\/figure>\n\n\n\n<p>Por: Agencias<\/p>\n\n\n\n<p>Ciudad Victoria, Tamaulipas. &#8211; En el marco de la segunda sesi\u00f3n ordinaria de la Agenda 2030 para el Desarrollo Sostenible de Tamaulipas, liderada por el gobernador Am\u00e9rico Villarreal Anaya, la contralora gubernamental, Norma Ang\u00e9lica Pedraza Melo, comparti\u00f3 los alcances del objetivo 16, que corresponde a la creaci\u00f3n de instituciones s\u00f3lidas, eficientes y transparentes.<\/p>\n\n\n\n<p>Con base en la Encuesta Nacional de Calidad e Impacto Gubernamental, Tamaulipas se ubica en el cuarto lugar en el porcentaje de satisfacci\u00f3n general de los ciudadanos en pagos, tr\u00e1mites o solicitudes de servicios p\u00fablicos estatales, y en el octavo lugar en el porcentaje de percepci\u00f3n sobre la frecuencia de actos de corrupci\u00f3n en el Gobierno del Estado de Tamaulipas.<\/p>\n\n\n\n<p>\u201cEstamos entre los diez primeros estados mejor evaluados en cuanto a c\u00f3mo la ciudadan\u00eda nos califica en materia de percepci\u00f3n de la corrupci\u00f3n y todo esto, sin lugar a dudas, se forja a partir del trabajo en equipo\u201d, dijo Norma Ang\u00e9lica Pedraza Melo.<\/p>\n\n\n\n<p>En su intervenci\u00f3n, puntualiz\u00f3 que, en materia de transparencia, al inicio de la presente administraci\u00f3n gubernamental, solo 31 mil personas servidoras p\u00fablicas presentaron su declaraci\u00f3n patrimonial y de intereses.<\/p>\n\n\n\n<p>Para el a\u00f1o 2024, m\u00e1s de 62 mil personas servidoras p\u00fablicas han presentado su declaraci\u00f3n patrimonial y de intereses.<\/p>\n\n\n\n<p>\u201cEstamos hablando de que hemos superado en mucho, incluso, nuestra propia meta lograda en 2023, que fue de 51 mil declarantes\u201d, reiter\u00f3 la contralora gubernamental.<\/p>\n\n\n\n<p>En el mismo rubro de transparencia, explic\u00f3 que al inicio de la administraci\u00f3n solo el 70 por ciento de los titulares de las dependencias cumpl\u00edan con sus obligaciones comunes, y hoy, con el acompa\u00f1amiento que brinda el personal de la Contralor\u00eda Gubernamental, se asegura que m\u00e1s del 95 por ciento de los titulares de dependencias cumplan con ese indicador, y el porcentaje se incrementa al 83 por ciento en entidades.<\/p>\n\n\n\n<p>\u201cA partir de hoy, la Contralor\u00eda Gubernamental buscar\u00e1 que el desarrollo de nuestros objetivos impacte en la persona, la prosperidad, el planeta, en la participaci\u00f3n y en la paz\u201d.<\/p>\n","protected":false},"excerpt":{"rendered":"<p>Por: Agencias Ciudad Victoria, Tamaulipas. &#8211; En el marco de la segunda sesi\u00f3n ordinaria de la Agenda 2030 para el Desarrollo Sostenible de Tamaulipas, liderada por el gobernador Am\u00e9rico Villarreal Anaya, la contralora gubernamental, Norma Ang\u00e9lica Pedraza Melo, comparti\u00f3 los alcances del objetivo 16, que corresponde a la creaci\u00f3n de instituciones s\u00f3lidas, eficientes y transparentes. &hellip;<\/p>\n","protected":false},"author":1,"featured_media":8555,"comment_status":"open","ping_status":"open","sticky":false,"template":"","format":"standard","meta":{"footnotes":""},"categories":[39],"tags":[],"class_list":["post-8554","post","type-post","status-publish","format-standard","has-post-thumbnail","","category-tamaulipas"],"_links":{"self":[{"href":"https:\/\/www.radiointeractivo.com.mx\/index.php?rest_route=\/wp\/v2\/posts\/8554","targetHints":{"allow":["GET"]}}],"collection":[{"href":"https:\/\/www.radiointeractivo.com.mx\/index.php?rest_route=\/wp\/v2\/posts"}],"about":[{"href":"https:\/\/www.radiointeractivo.com.mx\/index.php?rest_route=\/wp\/v2\/types\/post"}],"author":[{"embeddable":true,"href":"https:\/\/www.radiointeractivo.com.mx\/index.php?rest_route=\/wp\/v2\/users\/1"}],"replies":[{"embeddable":true,"href":"https:\/\/www.radiointeractivo.com.mx\/index.php?rest_route=%2Fwp%2Fv2%2Fcomments&post=8554"}],"version-history":[{"count":1,"href":"https:\/\/www.radiointeractivo.com.mx\/index.php?rest_route=\/wp\/v2\/posts\/8554\/revisions"}],"predecessor-version":[{"id":8556,"href":"https:\/\/www.radiointeractivo.com.mx\/index.php?rest_route=\/wp\/v2\/posts\/8554\/revisions\/8556"}],"wp:featuredmedia":[{"embeddable":true,"href":"https:\/\/www.radiointeractivo.com.mx\/index.php?rest_route=\/wp\/v2\/media\/8555"}],"wp:attachment":[{"href":"https:\/\/www.radiointeractivo.com.mx\/index.php?rest_route=%2Fwp%2Fv2%2Fmedia&parent=8554"}],"wp:term":[{"taxonomy":"category","embeddable":true,"href":"https:\/\/www.radiointeractivo.com.mx\/index.php?rest_route=%2Fwp%2Fv2%2Fcategories&post=8554"},{"taxonomy":"post_tag","embeddable":true,"href":"https:\/\/www.radiointeractivo.com.mx\/index.php?rest_route=%2Fwp%2Fv2%2Ftags&post=8554"}],"curies":[{"name":"wp","href":"https:\/\/api.w.org\/{rel}","templated":true}]}}