{"id":8503,"date":"2024-06-24T15:24:27","date_gmt":"2024-06-24T20:24:27","guid":{"rendered":"https:\/\/www.radiointeractivo.com.mx\/?p=8503"},"modified":"2024-06-24T15:24:29","modified_gmt":"2024-06-24T20:24:29","slug":"implementa-guardia-estatal-de-genero-campana-interactiva-con-menores-para-prevenir-violencia","status":"publish","type":"post","link":"https:\/\/www.radiointeractivo.com.mx\/?p=8503","title":{"rendered":"Implementa Guardia Estatal de G\u00e9nero campa\u00f1a interactiva con menores para prevenir violencia"},"content":{"rendered":"\n<figure class=\"wp-block-image size-large\"><img loading=\"lazy\" decoding=\"async\" width=\"1024\" height=\"683\" src=\"https:\/\/www.radiointeractivo.com.mx\/wp-content\/uploads\/2024\/06\/WhatsApp-Image-2024-06-24-at-1.16.43-PM-1024x683.jpeg\" alt=\"\" class=\"wp-image-8504\" srcset=\"https:\/\/www.radiointeractivo.com.mx\/wp-content\/uploads\/2024\/06\/WhatsApp-Image-2024-06-24-at-1.16.43-PM-1024x683.jpeg 1024w, https:\/\/www.radiointeractivo.com.mx\/wp-content\/uploads\/2024\/06\/WhatsApp-Image-2024-06-24-at-1.16.43-PM-300x200.jpeg 300w, https:\/\/www.radiointeractivo.com.mx\/wp-content\/uploads\/2024\/06\/WhatsApp-Image-2024-06-24-at-1.16.43-PM-768x512.jpeg 768w, https:\/\/www.radiointeractivo.com.mx\/wp-content\/uploads\/2024\/06\/WhatsApp-Image-2024-06-24-at-1.16.43-PM-1536x1024.jpeg 1536w, https:\/\/www.radiointeractivo.com.mx\/wp-content\/uploads\/2024\/06\/WhatsApp-Image-2024-06-24-at-1.16.43-PM.jpeg 1599w\" sizes=\"auto, (max-width: 1024px) 100vw, 1024px\" \/><\/figure>\n\n\n\n<p>Por: Agencias<\/p>\n\n\n\n<p>Ciudad Victoria, Tamaulipas.- Con el objetivo de que las y los ni\u00f1os de Tamaulipas identifiquen y prevengan la violencia desde temprana edad, personal de la Guardia Estatal de G\u00e9nero a lo largo de la entidad implementa una campa\u00f1a interactiva y din\u00e1mica dirigida principalmente a planteles de nivel b\u00e1sico.<\/p>\n\n\n\n<p>La encargada de la Guardia Estatal de G\u00e9nero, oficial Claudia Elizabeth N\u00fa\u00f1ez \u00c1lvarez, refiere que para asegurar una mejor recepci\u00f3n del mensaje, se emplean din\u00e1micas como &#8220;sketches&#8221;, sopas de letras y folletos con colores llamativos en los cuales se brinda informaci\u00f3n sobre los diferentes tipos de violencia e instancias encargadas de atender estos casos.<\/p>\n\n\n\n<p>En di\u00e1logos entablados con el personal docente se reconoce que la problem\u00e1tica que predomina es el acoso escolar, en algunas ocasiones por el desconocimiento de que ciertas pr\u00e1cticas como los insultos y la discriminaci\u00f3n son formas de violencia. Por ello, estas interacciones involucran al titular del grupo y el alumnado participa incentivado por premios como chocolates y bol\u00edgrafos que contienen frases positivas.<\/p>\n\n\n\n<p>&#8220;Lo toman a manera de risa porque no est\u00e1n acostumbrados a representar, pero tambi\u00e9n se involucran los maestros y maestras para que vean qu\u00e9 papel juegan en la prevenci\u00f3n del acoso escolar&#8221;, mencion\u00f3.<\/p>\n\n\n\n<p>Debido a que los padres de familia forman una pieza clave en esta sensibilizaci\u00f3n, coment\u00f3 que se mantienen actividades de proximidad en eventos p\u00fablicos con la finalidad de hacer llegar esta informaci\u00f3n a progenitores y tutores, para evitar replicar conductas que en generaciones anteriores estaban normalizadas y no se reconoc\u00edan como agresiones.<\/p>\n\n\n\n<p>Resultado de este trabajo, destac\u00f3 que las y los ni\u00f1os cada vez se informan m\u00e1s y conocen las funciones que desempe\u00f1a la Guardia Estatal de G\u00e9nero, identifican la banda morada que utilizan en el brazo izquierdo y las unidades tipo van en las que se movilizan.<\/p>\n\n\n\n<p>Mediante estas acciones, la Secretar\u00eda de Seguridad P\u00fablica de Tamaulipas (SSPT) salvaguarda la integridad de las ni\u00f1as y ni\u00f1os de la entidad, de acuerdo al compromiso del gobernador, Am\u00e9rico Villarreal Anaya, de priorizar su bienestar.<\/p>\n","protected":false},"excerpt":{"rendered":"<p>Por: Agencias Ciudad Victoria, Tamaulipas.- Con el objetivo de que las y los ni\u00f1os de Tamaulipas identifiquen y prevengan la violencia desde temprana edad, personal de la Guardia Estatal de G\u00e9nero a lo largo de la entidad implementa una campa\u00f1a interactiva y din\u00e1mica dirigida principalmente a planteles de nivel b\u00e1sico. La encargada de la Guardia &hellip;<\/p>\n","protected":false},"author":1,"featured_media":8504,"comment_status":"open","ping_status":"open","sticky":false,"template":"","format":"standard","meta":{"footnotes":""},"categories":[39],"tags":[],"class_list":["post-8503","post","type-post","status-publish","format-standard","has-post-thumbnail","","category-tamaulipas"],"_links":{"self":[{"href":"https:\/\/www.radiointeractivo.com.mx\/index.php?rest_route=\/wp\/v2\/posts\/8503","targetHints":{"allow":["GET"]}}],"collection":[{"href":"https:\/\/www.radiointeractivo.com.mx\/index.php?rest_route=\/wp\/v2\/posts"}],"about":[{"href":"https:\/\/www.radiointeractivo.com.mx\/index.php?rest_route=\/wp\/v2\/types\/post"}],"author":[{"embeddable":true,"href":"https:\/\/www.radiointeractivo.com.mx\/index.php?rest_route=\/wp\/v2\/users\/1"}],"replies":[{"embeddable":true,"href":"https:\/\/www.radiointeractivo.com.mx\/index.php?rest_route=%2Fwp%2Fv2%2Fcomments&post=8503"}],"version-history":[{"count":1,"href":"https:\/\/www.radiointeractivo.com.mx\/index.php?rest_route=\/wp\/v2\/posts\/8503\/revisions"}],"predecessor-version":[{"id":8505,"href":"https:\/\/www.radiointeractivo.com.mx\/index.php?rest_route=\/wp\/v2\/posts\/8503\/revisions\/8505"}],"wp:featuredmedia":[{"embeddable":true,"href":"https:\/\/www.radiointeractivo.com.mx\/index.php?rest_route=\/wp\/v2\/media\/8504"}],"wp:attachment":[{"href":"https:\/\/www.radiointeractivo.com.mx\/index.php?rest_route=%2Fwp%2Fv2%2Fmedia&parent=8503"}],"wp:term":[{"taxonomy":"category","embeddable":true,"href":"https:\/\/www.radiointeractivo.com.mx\/index.php?rest_route=%2Fwp%2Fv2%2Fcategories&post=8503"},{"taxonomy":"post_tag","embeddable":true,"href":"https:\/\/www.radiointeractivo.com.mx\/index.php?rest_route=%2Fwp%2Fv2%2Ftags&post=8503"}],"curies":[{"name":"wp","href":"https:\/\/api.w.org\/{rel}","templated":true}]}}