{"id":8483,"date":"2024-06-23T18:43:31","date_gmt":"2024-06-23T23:43:31","guid":{"rendered":"https:\/\/www.radiointeractivo.com.mx\/?p=8483"},"modified":"2024-06-23T18:43:32","modified_gmt":"2024-06-23T23:43:32","slug":"secretaria-de-educacion-de-tamaulipas-informa","status":"publish","type":"post","link":"https:\/\/www.radiointeractivo.com.mx\/?p=8483","title":{"rendered":"Secretar\u00eda de Educaci\u00f3n de Tamaulipas informa"},"content":{"rendered":"\n<figure class=\"wp-block-image size-large\"><img loading=\"lazy\" decoding=\"async\" width=\"806\" height=\"1024\" src=\"https:\/\/www.radiointeractivo.com.mx\/wp-content\/uploads\/2024\/06\/WhatsApp-Image-2024-06-23-at-6.20.15-PM-806x1024.jpeg\" alt=\"\" class=\"wp-image-8484\" srcset=\"https:\/\/www.radiointeractivo.com.mx\/wp-content\/uploads\/2024\/06\/WhatsApp-Image-2024-06-23-at-6.20.15-PM-806x1024.jpeg 806w, https:\/\/www.radiointeractivo.com.mx\/wp-content\/uploads\/2024\/06\/WhatsApp-Image-2024-06-23-at-6.20.15-PM-236x300.jpeg 236w, https:\/\/www.radiointeractivo.com.mx\/wp-content\/uploads\/2024\/06\/WhatsApp-Image-2024-06-23-at-6.20.15-PM-768x975.jpeg 768w, https:\/\/www.radiointeractivo.com.mx\/wp-content\/uploads\/2024\/06\/WhatsApp-Image-2024-06-23-at-6.20.15-PM-1210x1536.jpeg 1210w, https:\/\/www.radiointeractivo.com.mx\/wp-content\/uploads\/2024\/06\/WhatsApp-Image-2024-06-23-at-6.20.15-PM.jpeg 1260w\" sizes=\"auto, (max-width: 806px) 100vw, 806px\" \/><\/figure>\n\n\n\n<p>Por: Agencias<\/p>\n\n\n\n<p>Ciudad Victoria, Tamaulipas.- El Consejo Estatal de Protecci\u00f3n Civil de Tamaulipas, con base en el an\u00e1lisis de los pron\u00f3sticos de lluvias para el corto y mediano plazo, tom\u00f3 la decisi\u00f3n de que el restablecimiento del servicio educativo, privilegiando la protecci\u00f3n de la integridad f\u00edsica de las comunidades escolares, se llevar\u00e1 de la siguiente manera:<\/p>\n\n\n\n<p>En aquellos centros escolares de las siguientes regiones el reinicio de clases ser\u00e1 el lunes 24 de junio siempre y cuando los caminos y accesos as\u00ed lo permitan:<\/p>\n\n\n\n<p>A. Regi\u00f3n frontera: Nuevo Laredo, Guerrero, Miguel Alem\u00e1n, Camargo, Mier, Gustavo D\u00edaz Ordaz, Reynosa, R\u00edo Bravo, Valle Hermoso, Matamoros.<\/p>\n\n\n\n<p>B. Regi\u00f3n de San Fernando: s\u00f3lo San Fernando y Jim\u00e9nez.<\/p>\n\n\n\n<p>C. Regi\u00f3n centro: s\u00f3lo Victoria zona urbana.<\/p>\n\n\n\n<p>D. Regi\u00f3n sur: Tampico y Madero.<\/p>\n\n\n\n<p>En el resto de la entidad, personal directivo, docente y de apoyo deber\u00e1 acudir a los centros escolares p\u00fablicos y privados el lunes 24 de junio, en aquellos lugares donde los caminos y accesos as\u00ed lo permitan, para la valoraci\u00f3n de las condiciones en que se encuentran los planteles educativos, dando un informe pormenorizado de la situaci\u00f3n de \u00e9stos a sus superiores jer\u00e1rquicos y al personal del Centro Regional de Desarrollo Educativo de su localidad.<\/p>\n\n\n\n<p>De encontrarse en condiciones \u00f3ptimas deber\u00e1n avisar a los padres de familia o tutores de la reanudaci\u00f3n de actividades al d\u00eda siguiente martes 25 de junio.<\/p>\n\n\n\n<p>En caso de encontrar situaciones de riesgo potencial deber\u00e1 comunicarlo inmediatamente a las autoridades mencionadas, as\u00ed como a las autoridades de protecci\u00f3n civil municipal y estatal.<\/p>\n\n\n\n<p>Aquellos planteles escolares que funcionan como albergues continuar\u00e1n en dicha situaci\u00f3n hasta que las autoridades competentes lo definan.<\/p>\n\n\n\n<p>Se reitera a toda la comunidad educativa seguir inform\u00e1ndose a trav\u00e9s de los canales oficiales que el Gobierno del Estado de Tamaulipas ha previsto para proteger la integridad f\u00edsica y patrimonial de la poblaci\u00f3n tamaulipeca.<\/p>\n","protected":false},"excerpt":{"rendered":"<p>Por: Agencias Ciudad Victoria, Tamaulipas.- El Consejo Estatal de Protecci\u00f3n Civil de Tamaulipas, con base en el an\u00e1lisis de los pron\u00f3sticos de lluvias para el corto y mediano plazo, tom\u00f3 la decisi\u00f3n de que el restablecimiento del servicio educativo, privilegiando la protecci\u00f3n de la integridad f\u00edsica de las comunidades escolares, se llevar\u00e1 de la siguiente &hellip;<\/p>\n","protected":false},"author":1,"featured_media":8484,"comment_status":"open","ping_status":"open","sticky":false,"template":"","format":"standard","meta":{"footnotes":""},"categories":[39],"tags":[],"class_list":["post-8483","post","type-post","status-publish","format-standard","has-post-thumbnail","","category-tamaulipas"],"_links":{"self":[{"href":"https:\/\/www.radiointeractivo.com.mx\/index.php?rest_route=\/wp\/v2\/posts\/8483","targetHints":{"allow":["GET"]}}],"collection":[{"href":"https:\/\/www.radiointeractivo.com.mx\/index.php?rest_route=\/wp\/v2\/posts"}],"about":[{"href":"https:\/\/www.radiointeractivo.com.mx\/index.php?rest_route=\/wp\/v2\/types\/post"}],"author":[{"embeddable":true,"href":"https:\/\/www.radiointeractivo.com.mx\/index.php?rest_route=\/wp\/v2\/users\/1"}],"replies":[{"embeddable":true,"href":"https:\/\/www.radiointeractivo.com.mx\/index.php?rest_route=%2Fwp%2Fv2%2Fcomments&post=8483"}],"version-history":[{"count":1,"href":"https:\/\/www.radiointeractivo.com.mx\/index.php?rest_route=\/wp\/v2\/posts\/8483\/revisions"}],"predecessor-version":[{"id":8485,"href":"https:\/\/www.radiointeractivo.com.mx\/index.php?rest_route=\/wp\/v2\/posts\/8483\/revisions\/8485"}],"wp:featuredmedia":[{"embeddable":true,"href":"https:\/\/www.radiointeractivo.com.mx\/index.php?rest_route=\/wp\/v2\/media\/8484"}],"wp:attachment":[{"href":"https:\/\/www.radiointeractivo.com.mx\/index.php?rest_route=%2Fwp%2Fv2%2Fmedia&parent=8483"}],"wp:term":[{"taxonomy":"category","embeddable":true,"href":"https:\/\/www.radiointeractivo.com.mx\/index.php?rest_route=%2Fwp%2Fv2%2Fcategories&post=8483"},{"taxonomy":"post_tag","embeddable":true,"href":"https:\/\/www.radiointeractivo.com.mx\/index.php?rest_route=%2Fwp%2Fv2%2Ftags&post=8483"}],"curies":[{"name":"wp","href":"https:\/\/api.w.org\/{rel}","templated":true}]}}