{"id":8438,"date":"2024-06-21T12:02:09","date_gmt":"2024-06-21T17:02:09","guid":{"rendered":"https:\/\/www.radiointeractivo.com.mx\/?p=8438"},"modified":"2024-06-21T12:02:10","modified_gmt":"2024-06-21T17:02:10","slug":"posponen-bazar-une-rodeo-para-el-28-de-junio","status":"publish","type":"post","link":"https:\/\/www.radiointeractivo.com.mx\/?p=8438","title":{"rendered":"POSPONEN BAZAR UNE \u201cRODEO\u201d PARA EL 28 DE JUNIO"},"content":{"rendered":"\n<figure class=\"wp-block-image size-large\"><img loading=\"lazy\" decoding=\"async\" width=\"819\" height=\"1024\" src=\"https:\/\/www.radiointeractivo.com.mx\/wp-content\/uploads\/2024\/06\/WhatsApp-Image-2024-06-21-at-11.33.52-AM-819x1024.jpeg\" alt=\"\" class=\"wp-image-8439\" srcset=\"https:\/\/www.radiointeractivo.com.mx\/wp-content\/uploads\/2024\/06\/WhatsApp-Image-2024-06-21-at-11.33.52-AM-819x1024.jpeg 819w, https:\/\/www.radiointeractivo.com.mx\/wp-content\/uploads\/2024\/06\/WhatsApp-Image-2024-06-21-at-11.33.52-AM-240x300.jpeg 240w, https:\/\/www.radiointeractivo.com.mx\/wp-content\/uploads\/2024\/06\/WhatsApp-Image-2024-06-21-at-11.33.52-AM-768x960.jpeg 768w, https:\/\/www.radiointeractivo.com.mx\/wp-content\/uploads\/2024\/06\/WhatsApp-Image-2024-06-21-at-11.33.52-AM.jpeg 1080w\" sizes=\"auto, (max-width: 819px) 100vw, 819px\" \/><\/figure>\n\n\n\n<p>Por: Staff | #NuevoLaredo #Laredo #NLD #Tamaulipas<\/p>\n\n\n\n<p>Debido al pron\u00f3stico de lluvia que se espera para los pr\u00f3ximos d\u00edas, la Edici\u00f3n 34 del bazar UNE Rodeo, programado para el s\u00e1bado 22, se pospone para el 28 de junio.<\/p>\n\n\n\n<p>El Gobierno Municipal, a trav\u00e9s de la Secretar\u00eda de Bienestar Social, al tiempo de invitar a la ciudadan\u00eda, inform\u00f3 que tendr\u00e1 lugar en el mismo sitio anunciado:<\/p>\n\n\n\n<p>la Plaza Ignacio Zaragoza, frente a la Catedral, en horario de las 7:00 PM a las 11:00 PM.<\/p>\n\n\n\n<p>Se contar\u00e1 con la presencia de alrededor de 150 expositores locales en cuyos stands se podr\u00e1n encontrar diversos art\u00edculos y accesorios, ropa, joyer\u00eda, calzado. bisuter\u00eda, juguetes, alimentos.<\/p>\n\n\n\n<p>Tambi\u00e9n habr\u00e1 la participaci\u00f3n de grupos musicales, bailables , entre otros n\u00fameros art\u00edsticos.<\/p>\n","protected":false},"excerpt":{"rendered":"<p>Por: Staff | #NuevoLaredo #Laredo #NLD #Tamaulipas Debido al pron\u00f3stico de lluvia que se espera para los pr\u00f3ximos d\u00edas, la Edici\u00f3n 34 del bazar UNE Rodeo, programado para el s\u00e1bado 22, se pospone para el 28 de junio. El Gobierno Municipal, a trav\u00e9s de la Secretar\u00eda de Bienestar Social, al tiempo de invitar a la &hellip;<\/p>\n","protected":false},"author":1,"featured_media":8439,"comment_status":"open","ping_status":"open","sticky":false,"template":"","format":"standard","meta":{"footnotes":""},"categories":[38],"tags":[],"class_list":["post-8438","post","type-post","status-publish","format-standard","has-post-thumbnail","","category-nuevo-laredo"],"_links":{"self":[{"href":"https:\/\/www.radiointeractivo.com.mx\/index.php?rest_route=\/wp\/v2\/posts\/8438","targetHints":{"allow":["GET"]}}],"collection":[{"href":"https:\/\/www.radiointeractivo.com.mx\/index.php?rest_route=\/wp\/v2\/posts"}],"about":[{"href":"https:\/\/www.radiointeractivo.com.mx\/index.php?rest_route=\/wp\/v2\/types\/post"}],"author":[{"embeddable":true,"href":"https:\/\/www.radiointeractivo.com.mx\/index.php?rest_route=\/wp\/v2\/users\/1"}],"replies":[{"embeddable":true,"href":"https:\/\/www.radiointeractivo.com.mx\/index.php?rest_route=%2Fwp%2Fv2%2Fcomments&post=8438"}],"version-history":[{"count":1,"href":"https:\/\/www.radiointeractivo.com.mx\/index.php?rest_route=\/wp\/v2\/posts\/8438\/revisions"}],"predecessor-version":[{"id":8440,"href":"https:\/\/www.radiointeractivo.com.mx\/index.php?rest_route=\/wp\/v2\/posts\/8438\/revisions\/8440"}],"wp:featuredmedia":[{"embeddable":true,"href":"https:\/\/www.radiointeractivo.com.mx\/index.php?rest_route=\/wp\/v2\/media\/8439"}],"wp:attachment":[{"href":"https:\/\/www.radiointeractivo.com.mx\/index.php?rest_route=%2Fwp%2Fv2%2Fmedia&parent=8438"}],"wp:term":[{"taxonomy":"category","embeddable":true,"href":"https:\/\/www.radiointeractivo.com.mx\/index.php?rest_route=%2Fwp%2Fv2%2Fcategories&post=8438"},{"taxonomy":"post_tag","embeddable":true,"href":"https:\/\/www.radiointeractivo.com.mx\/index.php?rest_route=%2Fwp%2Fv2%2Ftags&post=8438"}],"curies":[{"name":"wp","href":"https:\/\/api.w.org\/{rel}","templated":true}]}}