{"id":8429,"date":"2024-06-21T00:51:34","date_gmt":"2024-06-21T05:51:34","guid":{"rendered":"https:\/\/www.radiointeractivo.com.mx\/?p=8429"},"modified":"2024-06-21T00:51:35","modified_gmt":"2024-06-21T05:51:35","slug":"inaugura-gobernador-stand-de-la-secretaria-de-desarrollo-energetico-en-el-congreso-mexicano-del-petroleo","status":"publish","type":"post","link":"https:\/\/www.radiointeractivo.com.mx\/?p=8429","title":{"rendered":"Inaugura gobernador stand de la Secretar\u00eda de Desarrollo Energ\u00e9tico en el Congreso Mexicano del Petr\u00f3leo"},"content":{"rendered":"\n<figure class=\"wp-block-image size-large\"><img loading=\"lazy\" decoding=\"async\" width=\"1024\" height=\"683\" src=\"https:\/\/www.radiointeractivo.com.mx\/wp-content\/uploads\/2024\/06\/WhatsApp-Image-2024-06-20-at-6.53.18-PM-1024x683.jpeg\" alt=\"\" class=\"wp-image-8430\" srcset=\"https:\/\/www.radiointeractivo.com.mx\/wp-content\/uploads\/2024\/06\/WhatsApp-Image-2024-06-20-at-6.53.18-PM-1024x683.jpeg 1024w, https:\/\/www.radiointeractivo.com.mx\/wp-content\/uploads\/2024\/06\/WhatsApp-Image-2024-06-20-at-6.53.18-PM-300x200.jpeg 300w, https:\/\/www.radiointeractivo.com.mx\/wp-content\/uploads\/2024\/06\/WhatsApp-Image-2024-06-20-at-6.53.18-PM-768x512.jpeg 768w, https:\/\/www.radiointeractivo.com.mx\/wp-content\/uploads\/2024\/06\/WhatsApp-Image-2024-06-20-at-6.53.18-PM.jpeg 1440w\" sizes=\"auto, (max-width: 1024px) 100vw, 1024px\" \/><\/figure>\n\n\n\n<p>Por: Agencias<\/p>\n\n\n\n<p>Tampico, Tamaulipas.- En el marco de la celebraci\u00f3n del Congreso Mexicano del Petr\u00f3leo 2024, el gobernador Am\u00e9rico Villarreal inaugur\u00f3 el stand de la Secretar\u00eda de Desarrollo Energ\u00e9tico.<\/p>\n\n\n\n<p>En el acto protocolario estuvo presente el secretario de Desarrollo Energ\u00e9tico, Jos\u00e9 Ram\u00f3n Silva; el rector de la Universidad Aut\u00f3noma de Tamaulipas, D\u00e1maso Anaya Alvarado y el subsecretario de Inversi\u00f3n, Proyectos Estrat\u00e9gicos y Desarrollo Sostenible, Jaime Jim\u00e9nez, as\u00ed como el comit\u00e9 organizador del congreso.<\/p>\n\n\n\n<p>\u201cInvito a toda la gente que estar\u00e1 en el CMP a que visiten el stand, y sean parte del gran potencial que cuenta Tamaulipas en este magno evento\u201d, coment\u00f3 Jos\u00e9 Ram\u00f3n Silva, titular de la SEDENER.<\/p>\n\n\n\n<p>Durante los tres d\u00edas que dura el CMP, estar\u00e1 instalado el stand, en el que se exponen las bondades, proyectos estrat\u00e9gicos, avances y potencial energ\u00e9tico que cuenta Tamaulipas en el sector energ\u00e9tico.<\/p>\n\n\n\n<p>Adem\u00e1s de recibir a los expositores, asistentes y alumnos, contar\u00e1 conferencias por parte de la University of Edinburgh, FUTUREON, Geostock, la Universidad de UTAH y la Comisi\u00f3n Nacional de Hidrocarburos entre otras.<\/p>\n","protected":false},"excerpt":{"rendered":"<p>Por: Agencias Tampico, Tamaulipas.- En el marco de la celebraci\u00f3n del Congreso Mexicano del Petr\u00f3leo 2024, el gobernador Am\u00e9rico Villarreal inaugur\u00f3 el stand de la Secretar\u00eda de Desarrollo Energ\u00e9tico. En el acto protocolario estuvo presente el secretario de Desarrollo Energ\u00e9tico, Jos\u00e9 Ram\u00f3n Silva; el rector de la Universidad Aut\u00f3noma de Tamaulipas, D\u00e1maso Anaya Alvarado y &hellip;<\/p>\n","protected":false},"author":1,"featured_media":8430,"comment_status":"open","ping_status":"open","sticky":false,"template":"","format":"standard","meta":{"footnotes":""},"categories":[39],"tags":[],"class_list":["post-8429","post","type-post","status-publish","format-standard","has-post-thumbnail","","category-tamaulipas"],"_links":{"self":[{"href":"https:\/\/www.radiointeractivo.com.mx\/index.php?rest_route=\/wp\/v2\/posts\/8429","targetHints":{"allow":["GET"]}}],"collection":[{"href":"https:\/\/www.radiointeractivo.com.mx\/index.php?rest_route=\/wp\/v2\/posts"}],"about":[{"href":"https:\/\/www.radiointeractivo.com.mx\/index.php?rest_route=\/wp\/v2\/types\/post"}],"author":[{"embeddable":true,"href":"https:\/\/www.radiointeractivo.com.mx\/index.php?rest_route=\/wp\/v2\/users\/1"}],"replies":[{"embeddable":true,"href":"https:\/\/www.radiointeractivo.com.mx\/index.php?rest_route=%2Fwp%2Fv2%2Fcomments&post=8429"}],"version-history":[{"count":1,"href":"https:\/\/www.radiointeractivo.com.mx\/index.php?rest_route=\/wp\/v2\/posts\/8429\/revisions"}],"predecessor-version":[{"id":8431,"href":"https:\/\/www.radiointeractivo.com.mx\/index.php?rest_route=\/wp\/v2\/posts\/8429\/revisions\/8431"}],"wp:featuredmedia":[{"embeddable":true,"href":"https:\/\/www.radiointeractivo.com.mx\/index.php?rest_route=\/wp\/v2\/media\/8430"}],"wp:attachment":[{"href":"https:\/\/www.radiointeractivo.com.mx\/index.php?rest_route=%2Fwp%2Fv2%2Fmedia&parent=8429"}],"wp:term":[{"taxonomy":"category","embeddable":true,"href":"https:\/\/www.radiointeractivo.com.mx\/index.php?rest_route=%2Fwp%2Fv2%2Fcategories&post=8429"},{"taxonomy":"post_tag","embeddable":true,"href":"https:\/\/www.radiointeractivo.com.mx\/index.php?rest_route=%2Fwp%2Fv2%2Ftags&post=8429"}],"curies":[{"name":"wp","href":"https:\/\/api.w.org\/{rel}","templated":true}]}}