{"id":8426,"date":"2024-06-21T00:49:39","date_gmt":"2024-06-21T05:49:39","guid":{"rendered":"https:\/\/www.radiointeractivo.com.mx\/?p=8426"},"modified":"2024-06-21T00:49:41","modified_gmt":"2024-06-21T05:49:41","slug":"atiende-dif-tamaulipas-a-refugiados-por-el-fenomeno-meteorologico-alberto","status":"publish","type":"post","link":"https:\/\/www.radiointeractivo.com.mx\/?p=8426","title":{"rendered":"Atiende DIF Tamaulipas a refugiados por el fen\u00f3meno meteorol\u00f3gico \u201cAlberto\u201d"},"content":{"rendered":"\n<figure class=\"wp-block-image size-large\"><img loading=\"lazy\" decoding=\"async\" width=\"1024\" height=\"682\" src=\"https:\/\/www.radiointeractivo.com.mx\/wp-content\/uploads\/2024\/06\/WhatsApp-Image-2024-06-20-at-6.41.17-PM-1024x682.jpeg\" alt=\"\" class=\"wp-image-8427\" srcset=\"https:\/\/www.radiointeractivo.com.mx\/wp-content\/uploads\/2024\/06\/WhatsApp-Image-2024-06-20-at-6.41.17-PM-1024x682.jpeg 1024w, https:\/\/www.radiointeractivo.com.mx\/wp-content\/uploads\/2024\/06\/WhatsApp-Image-2024-06-20-at-6.41.17-PM-300x200.jpeg 300w, https:\/\/www.radiointeractivo.com.mx\/wp-content\/uploads\/2024\/06\/WhatsApp-Image-2024-06-20-at-6.41.17-PM-768x512.jpeg 768w, https:\/\/www.radiointeractivo.com.mx\/wp-content\/uploads\/2024\/06\/WhatsApp-Image-2024-06-20-at-6.41.17-PM-1536x1023.jpeg 1536w, https:\/\/www.radiointeractivo.com.mx\/wp-content\/uploads\/2024\/06\/WhatsApp-Image-2024-06-20-at-6.41.17-PM-310x205.jpeg 310w, https:\/\/www.radiointeractivo.com.mx\/wp-content\/uploads\/2024\/06\/WhatsApp-Image-2024-06-20-at-6.41.17-PM.jpeg 1600w\" sizes=\"auto, (max-width: 1024px) 100vw, 1024px\" \/><\/figure>\n\n\n\n<p>-Alojamiento, alimentaci\u00f3n y art\u00edculos de higiene personal, fueron entregados a quienes acudieron a los centros<\/p>\n\n\n\n<p>Por: Agencias<\/p>\n\n\n\n<p>Ciudad Victoria, Tamaulipas. Desde el momento en que el Consejo Estatal de Protecci\u00f3n Civil se declar\u00f3 en alerta por la presencia del fen\u00f3meno meteorol\u00f3gico &#8220;Alberto\u201d, el Sistema DIF Tamaulipas que preside la doctora Mar\u00eda de Villarreal, puso a disposici\u00f3n de la poblaci\u00f3n en general, diferentes refugios temporales en algunos de los centros asistenciales del propio sistema.<\/p>\n\n\n\n<p>Durante las primeras horas de la contingencia, numerosas personas han sido atendidas de manera integral, proporcion\u00e1ndoles alojamiento, alimentaci\u00f3n, art\u00edculos de higiene personal, medicamentos, ropa, alimentos enlatados y paraguas.<\/p>\n\n\n\n<p>De esta manera, los Mensajeros de Paz atienden las necesidades b\u00e1sicas de las familias que mas lo necesitan, y ante la presencia de este fen\u00f3meno meteorol\u00f3gico, se brinda un lugar seguro y acogedor que cumple con las normas de Protecci\u00f3n Civil en donde se pueden resguardar familias completas.<\/p>\n","protected":false},"excerpt":{"rendered":"<p>-Alojamiento, alimentaci\u00f3n y art\u00edculos de higiene personal, fueron entregados a quienes acudieron a los centros Por: Agencias Ciudad Victoria, Tamaulipas. Desde el momento en que el Consejo Estatal de Protecci\u00f3n Civil se declar\u00f3 en alerta por la presencia del fen\u00f3meno meteorol\u00f3gico &#8220;Alberto\u201d, el Sistema DIF Tamaulipas que preside la doctora Mar\u00eda de Villarreal, puso a &hellip;<\/p>\n","protected":false},"author":1,"featured_media":8427,"comment_status":"open","ping_status":"open","sticky":false,"template":"","format":"standard","meta":{"footnotes":""},"categories":[39],"tags":[],"class_list":["post-8426","post","type-post","status-publish","format-standard","has-post-thumbnail","","category-tamaulipas"],"_links":{"self":[{"href":"https:\/\/www.radiointeractivo.com.mx\/index.php?rest_route=\/wp\/v2\/posts\/8426","targetHints":{"allow":["GET"]}}],"collection":[{"href":"https:\/\/www.radiointeractivo.com.mx\/index.php?rest_route=\/wp\/v2\/posts"}],"about":[{"href":"https:\/\/www.radiointeractivo.com.mx\/index.php?rest_route=\/wp\/v2\/types\/post"}],"author":[{"embeddable":true,"href":"https:\/\/www.radiointeractivo.com.mx\/index.php?rest_route=\/wp\/v2\/users\/1"}],"replies":[{"embeddable":true,"href":"https:\/\/www.radiointeractivo.com.mx\/index.php?rest_route=%2Fwp%2Fv2%2Fcomments&post=8426"}],"version-history":[{"count":1,"href":"https:\/\/www.radiointeractivo.com.mx\/index.php?rest_route=\/wp\/v2\/posts\/8426\/revisions"}],"predecessor-version":[{"id":8428,"href":"https:\/\/www.radiointeractivo.com.mx\/index.php?rest_route=\/wp\/v2\/posts\/8426\/revisions\/8428"}],"wp:featuredmedia":[{"embeddable":true,"href":"https:\/\/www.radiointeractivo.com.mx\/index.php?rest_route=\/wp\/v2\/media\/8427"}],"wp:attachment":[{"href":"https:\/\/www.radiointeractivo.com.mx\/index.php?rest_route=%2Fwp%2Fv2%2Fmedia&parent=8426"}],"wp:term":[{"taxonomy":"category","embeddable":true,"href":"https:\/\/www.radiointeractivo.com.mx\/index.php?rest_route=%2Fwp%2Fv2%2Fcategories&post=8426"},{"taxonomy":"post_tag","embeddable":true,"href":"https:\/\/www.radiointeractivo.com.mx\/index.php?rest_route=%2Fwp%2Fv2%2Ftags&post=8426"}],"curies":[{"name":"wp","href":"https:\/\/api.w.org\/{rel}","templated":true}]}}