{"id":8400,"date":"2024-06-20T13:48:28","date_gmt":"2024-06-20T18:48:28","guid":{"rendered":"https:\/\/www.radiointeractivo.com.mx\/?p=8400"},"modified":"2024-06-20T13:48:29","modified_gmt":"2024-06-20T18:48:29","slug":"reconocen-a-docentes-tamaulipecos-innovadores-en-telesecundarias","status":"publish","type":"post","link":"https:\/\/www.radiointeractivo.com.mx\/?p=8400","title":{"rendered":"Reconocen a docentes tamaulipecos innovadores en telesecundarias"},"content":{"rendered":"\n<figure class=\"wp-block-image size-large\"><img loading=\"lazy\" decoding=\"async\" width=\"1024\" height=\"768\" src=\"https:\/\/www.radiointeractivo.com.mx\/wp-content\/uploads\/2024\/06\/WhatsApp-Image-2024-06-20-at-12.38.33-PM-1024x768.jpeg\" alt=\"\" class=\"wp-image-8401\" srcset=\"https:\/\/www.radiointeractivo.com.mx\/wp-content\/uploads\/2024\/06\/WhatsApp-Image-2024-06-20-at-12.38.33-PM-1024x768.jpeg 1024w, https:\/\/www.radiointeractivo.com.mx\/wp-content\/uploads\/2024\/06\/WhatsApp-Image-2024-06-20-at-12.38.33-PM-300x225.jpeg 300w, https:\/\/www.radiointeractivo.com.mx\/wp-content\/uploads\/2024\/06\/WhatsApp-Image-2024-06-20-at-12.38.33-PM-768x576.jpeg 768w, https:\/\/www.radiointeractivo.com.mx\/wp-content\/uploads\/2024\/06\/WhatsApp-Image-2024-06-20-at-12.38.33-PM.jpeg 1280w\" sizes=\"auto, (max-width: 1024px) 100vw, 1024px\" \/><\/figure>\n\n\n\n<p>-Los maestros participaron en la elaboraci\u00f3n de las propuestas de los nuevos materiales educativos de telesecundaria para el pr\u00f3ximo ciclo escolar<\/p>\n\n\n\n<p>Por: Agencias<\/p>\n\n\n\n<p>Ciudad de M\u00e9xico.\u2013 El talento de los docentes tamaulipecos qued\u00f3 una vez m\u00e1s de manifiesto, con el reconocimiento que recibieron tres maestros al ser coordinadores e innovadores de telesecundaria, al participar en la elaboraci\u00f3n de las propuestas de los nuevos materiales educativos de este nivel.<\/p>\n\n\n\n<p>Los maestros que se hicieron acreedores a este reconocimiento, entregado en el marco de la Reuni\u00f3n Nacional 2024 de Telesecundarias celebrada en la Ciudad de M\u00e9xico, fueron el subjefe t\u00e9cnico pedag\u00f3gico de telesecundaria, Juan Antonio Linares Rubio; el asesor t\u00e9cnico pedag\u00f3gico, Pedro Osvaldo Arias Mart\u00ednez; y el asesor t\u00e9cnico pedag\u00f3gico de la Subjefatura T\u00e9cnica Pedag\u00f3gica de Telesecundaria, Edgar Adri\u00e1n Ram\u00edrez V\u00e1zquez.<\/p>\n\n\n\n<p>Como parte de la reuni\u00f3n, los docentes presenciaron la conferencia impartida por Marx Arriaga Navarro, director general de Materiales Educativos de la Secretar\u00eda de Educaci\u00f3n P\u00fablica, y la ponencia de Luis Miguel Cisneros Villanueva, director de Medios Audiovisuales e Inform\u00e1ticos, con el tema \u201cEl Acompa\u00f1amiento Pedag\u00f3gico NEM\u201d.<\/p>\n\n\n\n<p>Adem\u00e1s, asistieron al taller \u201cProyectos de Desarrollo Acad\u00e9mico\u201d, donde se abord\u00f3 el tema de la revisi\u00f3n de los componentes y su organizaci\u00f3n en un proyecto parcial de aula, para efectuar ajustes a los proyectos acad\u00e9micos que lo conforman.<\/p>\n\n\n\n<p>De la misma manera, atendieron el taller \u201cProyectos de Integraci\u00f3n Comunitaria\u201d, donde se hizo una revisi\u00f3n de las actividades propuestas para la semana de inicio y cierre, as\u00ed como de los materiales de apoyo para el desarrollo de los proyectos de integraci\u00f3n comunitaria, a fin de obtener el conocimiento necesario para organizar las actividades propuestas a lo largo del ciclo escolar.<\/p>\n\n\n\n<p>La participaci\u00f3n exitosa de los docentes tamaulipecos reconocidos a nivel nacional por crear materiales educativos de calidad es un reflejo del compromiso integral que la SET tiene con el desarrollo y mejora de la ense\u00f1anza que se ofrece a las y los estudiantes, acorde a las pol\u00edticas educativas impulsadas por el gobernador Am\u00e9rico Villarreal Anaya.<\/p>\n","protected":false},"excerpt":{"rendered":"<p>-Los maestros participaron en la elaboraci\u00f3n de las propuestas de los nuevos materiales educativos de telesecundaria para el pr\u00f3ximo ciclo escolar Por: Agencias Ciudad de M\u00e9xico.\u2013 El talento de los docentes tamaulipecos qued\u00f3 una vez m\u00e1s de manifiesto, con el reconocimiento que recibieron tres maestros al ser coordinadores e innovadores de telesecundaria, al participar en &hellip;<\/p>\n","protected":false},"author":1,"featured_media":8401,"comment_status":"open","ping_status":"open","sticky":false,"template":"","format":"standard","meta":{"footnotes":""},"categories":[39],"tags":[],"class_list":["post-8400","post","type-post","status-publish","format-standard","has-post-thumbnail","","category-tamaulipas"],"_links":{"self":[{"href":"https:\/\/www.radiointeractivo.com.mx\/index.php?rest_route=\/wp\/v2\/posts\/8400","targetHints":{"allow":["GET"]}}],"collection":[{"href":"https:\/\/www.radiointeractivo.com.mx\/index.php?rest_route=\/wp\/v2\/posts"}],"about":[{"href":"https:\/\/www.radiointeractivo.com.mx\/index.php?rest_route=\/wp\/v2\/types\/post"}],"author":[{"embeddable":true,"href":"https:\/\/www.radiointeractivo.com.mx\/index.php?rest_route=\/wp\/v2\/users\/1"}],"replies":[{"embeddable":true,"href":"https:\/\/www.radiointeractivo.com.mx\/index.php?rest_route=%2Fwp%2Fv2%2Fcomments&post=8400"}],"version-history":[{"count":1,"href":"https:\/\/www.radiointeractivo.com.mx\/index.php?rest_route=\/wp\/v2\/posts\/8400\/revisions"}],"predecessor-version":[{"id":8402,"href":"https:\/\/www.radiointeractivo.com.mx\/index.php?rest_route=\/wp\/v2\/posts\/8400\/revisions\/8402"}],"wp:featuredmedia":[{"embeddable":true,"href":"https:\/\/www.radiointeractivo.com.mx\/index.php?rest_route=\/wp\/v2\/media\/8401"}],"wp:attachment":[{"href":"https:\/\/www.radiointeractivo.com.mx\/index.php?rest_route=%2Fwp%2Fv2%2Fmedia&parent=8400"}],"wp:term":[{"taxonomy":"category","embeddable":true,"href":"https:\/\/www.radiointeractivo.com.mx\/index.php?rest_route=%2Fwp%2Fv2%2Fcategories&post=8400"},{"taxonomy":"post_tag","embeddable":true,"href":"https:\/\/www.radiointeractivo.com.mx\/index.php?rest_route=%2Fwp%2Fv2%2Ftags&post=8400"}],"curies":[{"name":"wp","href":"https:\/\/api.w.org\/{rel}","templated":true}]}}