{"id":8386,"date":"2024-06-20T13:31:38","date_gmt":"2024-06-20T18:31:38","guid":{"rendered":"https:\/\/www.radiointeractivo.com.mx\/?p=8386"},"modified":"2024-06-20T13:31:39","modified_gmt":"2024-06-20T18:31:39","slug":"se-suspende-programacion-de-turismo-ante-pronostico-de-lluvias-en-la-ciudad","status":"publish","type":"post","link":"https:\/\/www.radiointeractivo.com.mx\/?p=8386","title":{"rendered":"SE SUSPENDE PROGRAMACI\u00d3N DE TURISMO ANTE PRON\u00d3STICO DE LLUVIAS EN LA CIUDAD"},"content":{"rendered":"\n<figure class=\"wp-block-image size-large\"><img loading=\"lazy\" decoding=\"async\" width=\"1024\" height=\"682\" src=\"https:\/\/www.radiointeractivo.com.mx\/wp-content\/uploads\/2024\/06\/WhatsApp-Image-2024-06-20-at-12.26.17-PM-1024x682.jpeg\" alt=\"\" class=\"wp-image-8387\" srcset=\"https:\/\/www.radiointeractivo.com.mx\/wp-content\/uploads\/2024\/06\/WhatsApp-Image-2024-06-20-at-12.26.17-PM-1024x682.jpeg 1024w, https:\/\/www.radiointeractivo.com.mx\/wp-content\/uploads\/2024\/06\/WhatsApp-Image-2024-06-20-at-12.26.17-PM-300x200.jpeg 300w, https:\/\/www.radiointeractivo.com.mx\/wp-content\/uploads\/2024\/06\/WhatsApp-Image-2024-06-20-at-12.26.17-PM-768x512.jpeg 768w, https:\/\/www.radiointeractivo.com.mx\/wp-content\/uploads\/2024\/06\/WhatsApp-Image-2024-06-20-at-12.26.17-PM-310x205.jpeg 310w, https:\/\/www.radiointeractivo.com.mx\/wp-content\/uploads\/2024\/06\/WhatsApp-Image-2024-06-20-at-12.26.17-PM.jpeg 1280w\" sizes=\"auto, (max-width: 1024px) 100vw, 1024px\" \/><\/figure>\n\n\n\n<p>Por la cuesti\u00f3n climatol\u00f3gica que podr\u00eda presentarse en la ciudad la programaci\u00f3n \u201cJueves de Danz\u00f3n\u201d y \u201cViernes de Danz\u00f3n y Fiesta\u201d fueron suspendidos para evitar poner en riesgo a la poblaci\u00f3n.<\/p>\n\n\n\n<p>A trav\u00e9s de redes sociales la direcci\u00f3n de Turismo inform\u00f3 que se cancelaron las actividades de este 20 y 21 de junio esperando se realicen la pr\u00f3xima semana para diversi\u00f3n de la ciudadan\u00eda.<\/p>\n","protected":false},"excerpt":{"rendered":"<p>Por la cuesti\u00f3n climatol\u00f3gica que podr\u00eda presentarse en la ciudad la programaci\u00f3n \u201cJueves de Danz\u00f3n\u201d y \u201cViernes de Danz\u00f3n y Fiesta\u201d fueron suspendidos para evitar poner en riesgo a la poblaci\u00f3n. A trav\u00e9s de redes sociales la direcci\u00f3n de Turismo inform\u00f3 que se cancelaron las actividades de este 20 y 21 de junio esperando se &hellip;<\/p>\n","protected":false},"author":1,"featured_media":8388,"comment_status":"open","ping_status":"open","sticky":false,"template":"","format":"standard","meta":{"footnotes":""},"categories":[38],"tags":[],"class_list":["post-8386","post","type-post","status-publish","format-standard","has-post-thumbnail","","category-nuevo-laredo"],"_links":{"self":[{"href":"https:\/\/www.radiointeractivo.com.mx\/index.php?rest_route=\/wp\/v2\/posts\/8386","targetHints":{"allow":["GET"]}}],"collection":[{"href":"https:\/\/www.radiointeractivo.com.mx\/index.php?rest_route=\/wp\/v2\/posts"}],"about":[{"href":"https:\/\/www.radiointeractivo.com.mx\/index.php?rest_route=\/wp\/v2\/types\/post"}],"author":[{"embeddable":true,"href":"https:\/\/www.radiointeractivo.com.mx\/index.php?rest_route=\/wp\/v2\/users\/1"}],"replies":[{"embeddable":true,"href":"https:\/\/www.radiointeractivo.com.mx\/index.php?rest_route=%2Fwp%2Fv2%2Fcomments&post=8386"}],"version-history":[{"count":1,"href":"https:\/\/www.radiointeractivo.com.mx\/index.php?rest_route=\/wp\/v2\/posts\/8386\/revisions"}],"predecessor-version":[{"id":8389,"href":"https:\/\/www.radiointeractivo.com.mx\/index.php?rest_route=\/wp\/v2\/posts\/8386\/revisions\/8389"}],"wp:featuredmedia":[{"embeddable":true,"href":"https:\/\/www.radiointeractivo.com.mx\/index.php?rest_route=\/wp\/v2\/media\/8388"}],"wp:attachment":[{"href":"https:\/\/www.radiointeractivo.com.mx\/index.php?rest_route=%2Fwp%2Fv2%2Fmedia&parent=8386"}],"wp:term":[{"taxonomy":"category","embeddable":true,"href":"https:\/\/www.radiointeractivo.com.mx\/index.php?rest_route=%2Fwp%2Fv2%2Fcategories&post=8386"},{"taxonomy":"post_tag","embeddable":true,"href":"https:\/\/www.radiointeractivo.com.mx\/index.php?rest_route=%2Fwp%2Fv2%2Ftags&post=8386"}],"curies":[{"name":"wp","href":"https:\/\/api.w.org\/{rel}","templated":true}]}}