{"id":8382,"date":"2024-06-19T21:54:50","date_gmt":"2024-06-20T02:54:50","guid":{"rendered":"https:\/\/www.radiointeractivo.com.mx\/?p=8382"},"modified":"2024-06-19T21:54:51","modified_gmt":"2024-06-20T02:54:51","slug":"autoridades-se-coordinan-ante-llegada-de-tormenta-tropical-alberto-a-costas-tamaulipecas","status":"publish","type":"post","link":"https:\/\/www.radiointeractivo.com.mx\/?p=8382","title":{"rendered":"Autoridades se coordinan ante llegada de tormenta tropical Alberto a costas tamaulipecas"},"content":{"rendered":"\n<figure class=\"wp-block-image size-large\"><img loading=\"lazy\" decoding=\"async\" width=\"1024\" height=\"683\" src=\"https:\/\/www.radiointeractivo.com.mx\/wp-content\/uploads\/2024\/06\/WhatsApp-Image-2024-06-19-at-9.43.43-PM-1-1024x683.jpeg\" alt=\"\" class=\"wp-image-8383\" srcset=\"https:\/\/www.radiointeractivo.com.mx\/wp-content\/uploads\/2024\/06\/WhatsApp-Image-2024-06-19-at-9.43.43-PM-1-1024x683.jpeg 1024w, https:\/\/www.radiointeractivo.com.mx\/wp-content\/uploads\/2024\/06\/WhatsApp-Image-2024-06-19-at-9.43.43-PM-1-300x200.jpeg 300w, https:\/\/www.radiointeractivo.com.mx\/wp-content\/uploads\/2024\/06\/WhatsApp-Image-2024-06-19-at-9.43.43-PM-1-768x512.jpeg 768w, https:\/\/www.radiointeractivo.com.mx\/wp-content\/uploads\/2024\/06\/WhatsApp-Image-2024-06-19-at-9.43.43-PM-1-1536x1024.jpeg 1536w, https:\/\/www.radiointeractivo.com.mx\/wp-content\/uploads\/2024\/06\/WhatsApp-Image-2024-06-19-at-9.43.43-PM-1.jpeg 1600w\" sizes=\"auto, (max-width: 1024px) 100vw, 1024px\" \/><\/figure>\n\n\n\n<p>-Prioritario salvaguardar integridad de la ciudadan\u00eda<\/p>\n\n\n\n<p>Por: Agencias<\/p>\n\n\n\n<p>Tampico, Tamaulipas.- Por instrucciones del gobernador Am\u00e9rico Villarreal Anaya y a fin de dar puntual seguimiento al desarrollo de la tormenta tropical Alberto, la tarde de este mi\u00e9rcoles se llev\u00f3 a cabo en esta ciudad la sesi\u00f3n del Consejo Estatal de Protecci\u00f3n Civil, presidida por el secretario general de Gobierno, H\u00e9ctor Joel Villegas Gonz\u00e1lez.<\/p>\n\n\n\n<p>En la reuni\u00f3n se destac\u00f3 el trabajo coordinado de dependencias de los tres niveles de gobierno para estar atentos y tomar todas las previsiones ante el desarrollo de la tormenta tropical Alberto, a fin de garantizar la seguridad e integridad de los tamaulipecos.<\/p>\n\n\n\n<p>El secretario general de Gobierno estuvo acompa\u00f1ado por el secretario de Recursos Hidr\u00e1ulicos del Estado, Ra\u00fal Quiroga \u00c1lvarez y por el coordinador estatal de Protecci\u00f3n Civil, Luis Gerardo Gonz\u00e1lez De la Fuente, as\u00ed como por mandos de la SEDENA, Marina, Guardia Nacional, Guardia Estatal y representantes de la Coordinaci\u00f3n Nacional de Protecci\u00f3n Civil y de la Comisi\u00f3n Nacional del Agua.<\/p>\n","protected":false},"excerpt":{"rendered":"<p>-Prioritario salvaguardar integridad de la ciudadan\u00eda Por: Agencias Tampico, Tamaulipas.- Por instrucciones del gobernador Am\u00e9rico Villarreal Anaya y a fin de dar puntual seguimiento al desarrollo de la tormenta tropical Alberto, la tarde de este mi\u00e9rcoles se llev\u00f3 a cabo en esta ciudad la sesi\u00f3n del Consejo Estatal de Protecci\u00f3n Civil, presidida por el secretario &hellip;<\/p>\n","protected":false},"author":1,"featured_media":8384,"comment_status":"open","ping_status":"open","sticky":false,"template":"","format":"standard","meta":{"footnotes":""},"categories":[39],"tags":[],"class_list":["post-8382","post","type-post","status-publish","format-standard","has-post-thumbnail","","category-tamaulipas"],"_links":{"self":[{"href":"https:\/\/www.radiointeractivo.com.mx\/index.php?rest_route=\/wp\/v2\/posts\/8382","targetHints":{"allow":["GET"]}}],"collection":[{"href":"https:\/\/www.radiointeractivo.com.mx\/index.php?rest_route=\/wp\/v2\/posts"}],"about":[{"href":"https:\/\/www.radiointeractivo.com.mx\/index.php?rest_route=\/wp\/v2\/types\/post"}],"author":[{"embeddable":true,"href":"https:\/\/www.radiointeractivo.com.mx\/index.php?rest_route=\/wp\/v2\/users\/1"}],"replies":[{"embeddable":true,"href":"https:\/\/www.radiointeractivo.com.mx\/index.php?rest_route=%2Fwp%2Fv2%2Fcomments&post=8382"}],"version-history":[{"count":1,"href":"https:\/\/www.radiointeractivo.com.mx\/index.php?rest_route=\/wp\/v2\/posts\/8382\/revisions"}],"predecessor-version":[{"id":8385,"href":"https:\/\/www.radiointeractivo.com.mx\/index.php?rest_route=\/wp\/v2\/posts\/8382\/revisions\/8385"}],"wp:featuredmedia":[{"embeddable":true,"href":"https:\/\/www.radiointeractivo.com.mx\/index.php?rest_route=\/wp\/v2\/media\/8384"}],"wp:attachment":[{"href":"https:\/\/www.radiointeractivo.com.mx\/index.php?rest_route=%2Fwp%2Fv2%2Fmedia&parent=8382"}],"wp:term":[{"taxonomy":"category","embeddable":true,"href":"https:\/\/www.radiointeractivo.com.mx\/index.php?rest_route=%2Fwp%2Fv2%2Fcategories&post=8382"},{"taxonomy":"post_tag","embeddable":true,"href":"https:\/\/www.radiointeractivo.com.mx\/index.php?rest_route=%2Fwp%2Fv2%2Ftags&post=8382"}],"curies":[{"name":"wp","href":"https:\/\/api.w.org\/{rel}","templated":true}]}}