{"id":8379,"date":"2024-06-19T19:30:57","date_gmt":"2024-06-20T00:30:57","guid":{"rendered":"https:\/\/www.radiointeractivo.com.mx\/?p=8379"},"modified":"2024-06-19T19:30:58","modified_gmt":"2024-06-20T00:30:58","slug":"disponibles-unidades-gratuitas-para-trasladar-a-la-ciudadania-a-los-albergues","status":"publish","type":"post","link":"https:\/\/www.radiointeractivo.com.mx\/?p=8379","title":{"rendered":"Disponibles unidades gratuitas para trasladar a la ciudadan\u00eda a los albergues"},"content":{"rendered":"\n<figure class=\"wp-block-image size-large\"><img loading=\"lazy\" decoding=\"async\" width=\"837\" height=\"1024\" src=\"https:\/\/www.radiointeractivo.com.mx\/wp-content\/uploads\/2024\/06\/WhatsApp-Image-2024-06-19-at-7.28.54-PM-837x1024.jpeg\" alt=\"\" class=\"wp-image-8380\" srcset=\"https:\/\/www.radiointeractivo.com.mx\/wp-content\/uploads\/2024\/06\/WhatsApp-Image-2024-06-19-at-7.28.54-PM-837x1024.jpeg 837w, https:\/\/www.radiointeractivo.com.mx\/wp-content\/uploads\/2024\/06\/WhatsApp-Image-2024-06-19-at-7.28.54-PM-245x300.jpeg 245w, https:\/\/www.radiointeractivo.com.mx\/wp-content\/uploads\/2024\/06\/WhatsApp-Image-2024-06-19-at-7.28.54-PM-768x940.jpeg 768w, https:\/\/www.radiointeractivo.com.mx\/wp-content\/uploads\/2024\/06\/WhatsApp-Image-2024-06-19-at-7.28.54-PM.jpeg 1079w\" sizes=\"auto, (max-width: 837px) 100vw, 837px\" \/><\/figure>\n\n\n\n<p>Por: Agencias<\/p>\n\n\n\n<p>Ciudad Victoria, Tamaulipas. \u2013 La Subsecretar\u00eda de Transporte P\u00fablico de Tamaulipas inform\u00f3 que, a partir de hoy, se ponen a disposici\u00f3n de la ciudadan\u00eda unidades de las diferentes rutas para que, de manera gratuita, trasladen a la poblaci\u00f3n que solicite el traslado a los albergues habilitados en la entidad a causa de la tormenta tropical Alberto.<\/p>\n\n\n\n<p>Esta medida tiene como principal objetivo salvaguardar la integridad f\u00edsica de las y los tamaulipecos durante la presente contingencia. Como parte de las estrategias y medidas preventivas implementadas por la Secretar\u00eda General de Gobierno y por instrucci\u00f3n del titular de la dependencia estatal, H\u00e9ctor Joel Villegas Gonz\u00e1lez, se ponen a disposici\u00f3n de la ciudadan\u00eda todas las unidades del transporte p\u00fablico para el traslado de quienes lo requieran a alguno de los 331 albergues habilitados en el estado.<\/p>\n\n\n\n<p>&#8220;Agradecemos a todos los ciudadanos su colaboraci\u00f3n y les recomendamos mantenerse informados a trav\u00e9s de los canales oficiales para cualquier actualizaci\u00f3n sobre esta situaci\u00f3n. La prevenci\u00f3n y el cuidado mutuo son esenciales en estos momentos&#8221;, expuso el subsecretario de Transporte P\u00fablico, Jos\u00e9 Armando Lara Vald\u00e9z.<\/p>\n\n\n\n<p>Agreg\u00f3 que para solicitar el traslado a los albergues, se ponen a disposici\u00f3n de la ciudadan\u00eda los tel\u00e9fonos de las delegaciones de Transporte P\u00fablico en el estado: en Ciudad Victoria al 834 31 539 49 y 834 31 5 40 57; Nuevo Laredo, 837 715 60 20; Reynosa, 899 924 30 93; Matamoros, 868 819 5178; Zona Conurbada, 833 210 30 90 y El Mante, 831 257 29 64.<\/p>\n","protected":false},"excerpt":{"rendered":"<p>Por: Agencias Ciudad Victoria, Tamaulipas. \u2013 La Subsecretar\u00eda de Transporte P\u00fablico de Tamaulipas inform\u00f3 que, a partir de hoy, se ponen a disposici\u00f3n de la ciudadan\u00eda unidades de las diferentes rutas para que, de manera gratuita, trasladen a la poblaci\u00f3n que solicite el traslado a los albergues habilitados en la entidad a causa de la &hellip;<\/p>\n","protected":false},"author":1,"featured_media":8380,"comment_status":"open","ping_status":"open","sticky":false,"template":"","format":"standard","meta":{"footnotes":""},"categories":[39],"tags":[],"class_list":["post-8379","post","type-post","status-publish","format-standard","has-post-thumbnail","","category-tamaulipas"],"_links":{"self":[{"href":"https:\/\/www.radiointeractivo.com.mx\/index.php?rest_route=\/wp\/v2\/posts\/8379","targetHints":{"allow":["GET"]}}],"collection":[{"href":"https:\/\/www.radiointeractivo.com.mx\/index.php?rest_route=\/wp\/v2\/posts"}],"about":[{"href":"https:\/\/www.radiointeractivo.com.mx\/index.php?rest_route=\/wp\/v2\/types\/post"}],"author":[{"embeddable":true,"href":"https:\/\/www.radiointeractivo.com.mx\/index.php?rest_route=\/wp\/v2\/users\/1"}],"replies":[{"embeddable":true,"href":"https:\/\/www.radiointeractivo.com.mx\/index.php?rest_route=%2Fwp%2Fv2%2Fcomments&post=8379"}],"version-history":[{"count":1,"href":"https:\/\/www.radiointeractivo.com.mx\/index.php?rest_route=\/wp\/v2\/posts\/8379\/revisions"}],"predecessor-version":[{"id":8381,"href":"https:\/\/www.radiointeractivo.com.mx\/index.php?rest_route=\/wp\/v2\/posts\/8379\/revisions\/8381"}],"wp:featuredmedia":[{"embeddable":true,"href":"https:\/\/www.radiointeractivo.com.mx\/index.php?rest_route=\/wp\/v2\/media\/8380"}],"wp:attachment":[{"href":"https:\/\/www.radiointeractivo.com.mx\/index.php?rest_route=%2Fwp%2Fv2%2Fmedia&parent=8379"}],"wp:term":[{"taxonomy":"category","embeddable":true,"href":"https:\/\/www.radiointeractivo.com.mx\/index.php?rest_route=%2Fwp%2Fv2%2Fcategories&post=8379"},{"taxonomy":"post_tag","embeddable":true,"href":"https:\/\/www.radiointeractivo.com.mx\/index.php?rest_route=%2Fwp%2Fv2%2Ftags&post=8379"}],"curies":[{"name":"wp","href":"https:\/\/api.w.org\/{rel}","templated":true}]}}