{"id":8373,"date":"2024-06-19T18:31:20","date_gmt":"2024-06-19T23:31:20","guid":{"rendered":"https:\/\/www.radiointeractivo.com.mx\/?p=8373"},"modified":"2024-06-19T18:31:21","modified_gmt":"2024-06-19T23:31:21","slug":"congreso-mexicano-del-petroleo-toma-medidas-preventivas-por-la-tormenta-tropical-alberto","status":"publish","type":"post","link":"https:\/\/www.radiointeractivo.com.mx\/?p=8373","title":{"rendered":"Congreso Mexicano del Petr\u00f3leo toma medidas preventivas por la tormenta tropical Alberto"},"content":{"rendered":"\n<figure class=\"wp-block-image size-large\"><img loading=\"lazy\" decoding=\"async\" width=\"1024\" height=\"682\" src=\"https:\/\/www.radiointeractivo.com.mx\/wp-content\/uploads\/2024\/06\/WhatsApp-Image-2024-06-19-at-5.17.28-PM-1024x682.jpeg\" alt=\"\" class=\"wp-image-8374\" srcset=\"https:\/\/www.radiointeractivo.com.mx\/wp-content\/uploads\/2024\/06\/WhatsApp-Image-2024-06-19-at-5.17.28-PM-1024x682.jpeg 1024w, https:\/\/www.radiointeractivo.com.mx\/wp-content\/uploads\/2024\/06\/WhatsApp-Image-2024-06-19-at-5.17.28-PM-300x200.jpeg 300w, https:\/\/www.radiointeractivo.com.mx\/wp-content\/uploads\/2024\/06\/WhatsApp-Image-2024-06-19-at-5.17.28-PM-768x512.jpeg 768w, https:\/\/www.radiointeractivo.com.mx\/wp-content\/uploads\/2024\/06\/WhatsApp-Image-2024-06-19-at-5.17.28-PM-1536x1023.jpeg 1536w, https:\/\/www.radiointeractivo.com.mx\/wp-content\/uploads\/2024\/06\/WhatsApp-Image-2024-06-19-at-5.17.28-PM-310x205.jpeg 310w, https:\/\/www.radiointeractivo.com.mx\/wp-content\/uploads\/2024\/06\/WhatsApp-Image-2024-06-19-at-5.17.28-PM.jpeg 1600w\" sizes=\"auto, (max-width: 1024px) 100vw, 1024px\" \/><\/figure>\n\n\n\n<p>Por: Agencias<\/p>\n\n\n\n<p>Tampico, Tamaulipas.- Para salvaguardar la integridad de m\u00e1s de 8 mil expositores y estudiantes que recibir\u00e1 el Congreso Mexicano del Petr\u00f3leo en el sur del estado, Protecci\u00f3n Civil estatal y municipal, as\u00ed como el Gobierno del Estado de Tamaulipas en coordinaci\u00f3n con el comit\u00e9 organizador, han tomado medidas preventivas por la situaci\u00f3n climatol\u00f3gica.<\/p>\n\n\n\n<p>As\u00ed lo ratific\u00f3 el secretario de Desarrollo Energ\u00e9tico, Jos\u00e9 Ram\u00f3n Silva, quien afirm\u00f3 que se han considerado todas las medidas de seguridad para llevar a cabo este magno evento.<\/p>\n\n\n\n<p>\u201cHemos tomado todas las precauciones necesarias por el fen\u00f3meno climatol\u00f3gico que llega a la zona. Sabemos que podr\u00eda cambiar radicalmente, pero estamos en contacto constante con el comit\u00e9 organizador y Protecci\u00f3n Civil para tomar las mejores decisiones\u201d, coment\u00f3.<\/p>\n\n\n\n<p>\u201cEn el tema de protecci\u00f3n civil, estamos muy pendientes desde hace meses, desde que comenz\u00f3 la instalaci\u00f3n de las carpas en el recinto. Adem\u00e1s, ahora estamos considerando todo lo que se debe seguir, como transporte, salidas de emergencia y todas las condiciones para que el evento se lleve a cabo de la mejor manera\u201d.<\/p>\n\n\n\n<p>Cabe destacar que el evento tuvo una modificaci\u00f3n y arrancar\u00e1 el d\u00eda jueves 20 de junio a las 10:00 horas con la inauguraci\u00f3n, donde se espera la participaci\u00f3n del gobernador Am\u00e9rico Villarreal, as\u00ed como del secretario de Energ\u00eda federal, Miguel \u00c1ngel Maciel Torres, y el director de PEMEX, Octavio Romero Oropeza.<\/p>\n\n\n\n<p>El Congreso Mexicano del Petr\u00f3leo ha generado una impactante derrama econ\u00f3mica de m\u00e1s de 123 millones de pesos en la zona conurbada de Tamaulipas, teniendo a su m\u00e1xima capacidad la zona hotelera y los restaurantes.<\/p>\n","protected":false},"excerpt":{"rendered":"<p>Por: Agencias Tampico, Tamaulipas.- Para salvaguardar la integridad de m\u00e1s de 8 mil expositores y estudiantes que recibir\u00e1 el Congreso Mexicano del Petr\u00f3leo en el sur del estado, Protecci\u00f3n Civil estatal y municipal, as\u00ed como el Gobierno del Estado de Tamaulipas en coordinaci\u00f3n con el comit\u00e9 organizador, han tomado medidas preventivas por la situaci\u00f3n climatol\u00f3gica. &hellip;<\/p>\n","protected":false},"author":1,"featured_media":8374,"comment_status":"open","ping_status":"open","sticky":false,"template":"","format":"standard","meta":{"footnotes":""},"categories":[39],"tags":[],"class_list":["post-8373","post","type-post","status-publish","format-standard","has-post-thumbnail","","category-tamaulipas"],"_links":{"self":[{"href":"https:\/\/www.radiointeractivo.com.mx\/index.php?rest_route=\/wp\/v2\/posts\/8373","targetHints":{"allow":["GET"]}}],"collection":[{"href":"https:\/\/www.radiointeractivo.com.mx\/index.php?rest_route=\/wp\/v2\/posts"}],"about":[{"href":"https:\/\/www.radiointeractivo.com.mx\/index.php?rest_route=\/wp\/v2\/types\/post"}],"author":[{"embeddable":true,"href":"https:\/\/www.radiointeractivo.com.mx\/index.php?rest_route=\/wp\/v2\/users\/1"}],"replies":[{"embeddable":true,"href":"https:\/\/www.radiointeractivo.com.mx\/index.php?rest_route=%2Fwp%2Fv2%2Fcomments&post=8373"}],"version-history":[{"count":1,"href":"https:\/\/www.radiointeractivo.com.mx\/index.php?rest_route=\/wp\/v2\/posts\/8373\/revisions"}],"predecessor-version":[{"id":8375,"href":"https:\/\/www.radiointeractivo.com.mx\/index.php?rest_route=\/wp\/v2\/posts\/8373\/revisions\/8375"}],"wp:featuredmedia":[{"embeddable":true,"href":"https:\/\/www.radiointeractivo.com.mx\/index.php?rest_route=\/wp\/v2\/media\/8374"}],"wp:attachment":[{"href":"https:\/\/www.radiointeractivo.com.mx\/index.php?rest_route=%2Fwp%2Fv2%2Fmedia&parent=8373"}],"wp:term":[{"taxonomy":"category","embeddable":true,"href":"https:\/\/www.radiointeractivo.com.mx\/index.php?rest_route=%2Fwp%2Fv2%2Fcategories&post=8373"},{"taxonomy":"post_tag","embeddable":true,"href":"https:\/\/www.radiointeractivo.com.mx\/index.php?rest_route=%2Fwp%2Fv2%2Ftags&post=8373"}],"curies":[{"name":"wp","href":"https:\/\/api.w.org\/{rel}","templated":true}]}}