{"id":8370,"date":"2024-06-19T15:38:55","date_gmt":"2024-06-19T20:38:55","guid":{"rendered":"https:\/\/www.radiointeractivo.com.mx\/?p=8370"},"modified":"2024-06-19T15:38:56","modified_gmt":"2024-06-19T20:38:56","slug":"llama-turismo-a-no-exponerse-y-respetar-cierre-de-playas-por-tormenta-alberto","status":"publish","type":"post","link":"https:\/\/www.radiointeractivo.com.mx\/?p=8370","title":{"rendered":"Llama Turismo a no exponerse y respetar cierre de playas por tormenta Alberto"},"content":{"rendered":"\n<figure class=\"wp-block-image size-large\"><img loading=\"lazy\" decoding=\"async\" width=\"1024\" height=\"768\" src=\"https:\/\/www.radiointeractivo.com.mx\/wp-content\/uploads\/2024\/06\/WhatsApp-Image-2024-06-19-at-3.09.47-PM-2-1024x768.jpeg\" alt=\"\" class=\"wp-image-8371\" srcset=\"https:\/\/www.radiointeractivo.com.mx\/wp-content\/uploads\/2024\/06\/WhatsApp-Image-2024-06-19-at-3.09.47-PM-2-1024x768.jpeg 1024w, https:\/\/www.radiointeractivo.com.mx\/wp-content\/uploads\/2024\/06\/WhatsApp-Image-2024-06-19-at-3.09.47-PM-2-300x225.jpeg 300w, https:\/\/www.radiointeractivo.com.mx\/wp-content\/uploads\/2024\/06\/WhatsApp-Image-2024-06-19-at-3.09.47-PM-2-768x576.jpeg 768w, https:\/\/www.radiointeractivo.com.mx\/wp-content\/uploads\/2024\/06\/WhatsApp-Image-2024-06-19-at-3.09.47-PM-2-1536x1152.jpeg 1536w, https:\/\/www.radiointeractivo.com.mx\/wp-content\/uploads\/2024\/06\/WhatsApp-Image-2024-06-19-at-3.09.47-PM-2.jpeg 1600w\" sizes=\"auto, (max-width: 1024px) 100vw, 1024px\" \/><\/figure>\n\n\n\n<p>-La prevenci\u00f3n es la clave para reducir al m\u00e1ximo las posibles afectaciones que pudieran generarse<\/p>\n\n\n\n<p>Por: Agencias<\/p>\n\n\n\n<p>Tampico, Tamaulipas.- La Secretar\u00eda de Turismo en Tamaulipas exhorta a la poblaci\u00f3n a no exponerse en las playas y sitios recreativos ante las lluvias torrenciales y r\u00e1fagas de viento que se esperan por la tormenta tropical Alberto, que impactar\u00e1 al estado.<\/p>\n\n\n\n<p>\u201cSon medidas prioritarias para salvaguardar la integridad f\u00edsica de los turistas locales, nacionales y extranjeros, incluidos prestadores de servicios de las zonas tur\u00edsticas\u201d, inform\u00f3 Benjam\u00edn Hern\u00e1ndez Rodr\u00edguez, secretario de Turismo en Tamaulipas.<\/p>\n\n\n\n<p>Por lo que exhort\u00f3 a respetar las medidas preventivas de cierre en playa Miramar, playa Tesoro en Altamira y La Pesca en Soto la Marina, entre otras m\u00e1s, como Barra del Tordo en Aldama y Bagdad en Matamoros.<\/p>\n\n\n\n<p>Refiri\u00f3 que el gobernador Am\u00e9rico Villarreal Anaya ha implementado, junto con los tres niveles de gobierno, una estrategia de acciones preventivas, \u201cpero tal como lo se\u00f1ala, se requiere de una sociedad colaborativa y participativa que haga su parte respetando las medidas preventivas\u201d.<\/p>\n\n\n\n<p>Concluy\u00f3 que, acorde a la situaci\u00f3n climatol\u00f3gica, se analizar\u00e1 y determinar\u00e1 la apertura o la continuaci\u00f3n del cierre de las playas, por lo que pidi\u00f3 estar atentos a la informaci\u00f3n del Gobierno de Tamaulipas.<\/p>\n","protected":false},"excerpt":{"rendered":"<p>-La prevenci\u00f3n es la clave para reducir al m\u00e1ximo las posibles afectaciones que pudieran generarse Por: Agencias Tampico, Tamaulipas.- La Secretar\u00eda de Turismo en Tamaulipas exhorta a la poblaci\u00f3n a no exponerse en las playas y sitios recreativos ante las lluvias torrenciales y r\u00e1fagas de viento que se esperan por la tormenta tropical Alberto, que &hellip;<\/p>\n","protected":false},"author":1,"featured_media":8371,"comment_status":"open","ping_status":"open","sticky":false,"template":"","format":"standard","meta":{"footnotes":""},"categories":[39],"tags":[],"class_list":["post-8370","post","type-post","status-publish","format-standard","has-post-thumbnail","","category-tamaulipas"],"_links":{"self":[{"href":"https:\/\/www.radiointeractivo.com.mx\/index.php?rest_route=\/wp\/v2\/posts\/8370","targetHints":{"allow":["GET"]}}],"collection":[{"href":"https:\/\/www.radiointeractivo.com.mx\/index.php?rest_route=\/wp\/v2\/posts"}],"about":[{"href":"https:\/\/www.radiointeractivo.com.mx\/index.php?rest_route=\/wp\/v2\/types\/post"}],"author":[{"embeddable":true,"href":"https:\/\/www.radiointeractivo.com.mx\/index.php?rest_route=\/wp\/v2\/users\/1"}],"replies":[{"embeddable":true,"href":"https:\/\/www.radiointeractivo.com.mx\/index.php?rest_route=%2Fwp%2Fv2%2Fcomments&post=8370"}],"version-history":[{"count":1,"href":"https:\/\/www.radiointeractivo.com.mx\/index.php?rest_route=\/wp\/v2\/posts\/8370\/revisions"}],"predecessor-version":[{"id":8372,"href":"https:\/\/www.radiointeractivo.com.mx\/index.php?rest_route=\/wp\/v2\/posts\/8370\/revisions\/8372"}],"wp:featuredmedia":[{"embeddable":true,"href":"https:\/\/www.radiointeractivo.com.mx\/index.php?rest_route=\/wp\/v2\/media\/8371"}],"wp:attachment":[{"href":"https:\/\/www.radiointeractivo.com.mx\/index.php?rest_route=%2Fwp%2Fv2%2Fmedia&parent=8370"}],"wp:term":[{"taxonomy":"category","embeddable":true,"href":"https:\/\/www.radiointeractivo.com.mx\/index.php?rest_route=%2Fwp%2Fv2%2Fcategories&post=8370"},{"taxonomy":"post_tag","embeddable":true,"href":"https:\/\/www.radiointeractivo.com.mx\/index.php?rest_route=%2Fwp%2Fv2%2Ftags&post=8370"}],"curies":[{"name":"wp","href":"https:\/\/api.w.org\/{rel}","templated":true}]}}