{"id":8363,"date":"2024-06-19T14:51:40","date_gmt":"2024-06-19T19:51:40","guid":{"rendered":"https:\/\/www.radiointeractivo.com.mx\/?p=8363"},"modified":"2024-06-19T14:51:42","modified_gmt":"2024-06-19T19:51:42","slug":"tamaulipas-llega-a-176-casos-de-dengue","status":"publish","type":"post","link":"https:\/\/www.radiointeractivo.com.mx\/?p=8363","title":{"rendered":"Tamaulipas llega a 176 casos de dengue"},"content":{"rendered":"\n<figure class=\"wp-block-image size-full\"><img loading=\"lazy\" decoding=\"async\" width=\"640\" height=\"386\" src=\"https:\/\/www.radiointeractivo.com.mx\/wp-content\/uploads\/2024\/06\/DENGUE.jpg\" alt=\"\" class=\"wp-image-8364\" srcset=\"https:\/\/www.radiointeractivo.com.mx\/wp-content\/uploads\/2024\/06\/DENGUE.jpg 640w, https:\/\/www.radiointeractivo.com.mx\/wp-content\/uploads\/2024\/06\/DENGUE-300x181.jpg 300w\" sizes=\"auto, (max-width: 640px) 100vw, 640px\" \/><\/figure>\n\n\n\n<p>Por: Agencias<\/p>\n\n\n\n<p>Cd. Victoria, Tamaulipas.- El secretario de Salud de Tamaulipas, Vicente Hern\u00e1ndez Navarro se\u00f1al\u00f3 que se encienden los \u2018focos\u2019 en el tema del dengue al tener un incremento considerable en las \u00faltimas semanas, pasando de 121 a 176 casos confirmados.<\/p>\n\n\n\n<p>\u201cActualmente tenemos 176 casos de dengue en Tamaulipas, donde cuatro de ellos son graves y 172 son simples\u201d.<\/p>\n\n\n\n<p>Detall\u00f3 que la detonaci\u00f3n de la enfermedad se ha dado debido a los altos \u00edndices de nuestros vecinos estados de San Luis Potos\u00ed y Veracruz, los cuales han tenido un repunto en el \u00faltimo mes.<\/p>\n\n\n\n<p>Cabe se\u00f1alar que en lo que va del mes de junio, los casos se han disparado casi en un 35 por ciento, debido que al iniciar el mes de ten\u00eda un reporte de 121 casos de dengue, siendo la zona conurbada, donde m\u00e1s casos se han registrado.<\/p>\n\n\n\n<p>A su vez Hern\u00e1ndez Navarro argument\u00f3 que no hay fallecimientos en el Estado a causa del dengue y el \u00fanico caso que se tiene es una mujer embarazada de Veracruz, la cual fue tratada en Tampico, pero siguen investigando la causa de su muerte.<\/p>\n","protected":false},"excerpt":{"rendered":"<p>Por: Agencias Cd. Victoria, Tamaulipas.- El secretario de Salud de Tamaulipas, Vicente Hern\u00e1ndez Navarro se\u00f1al\u00f3 que se encienden los \u2018focos\u2019 en el tema del dengue al tener un incremento considerable en las \u00faltimas semanas, pasando de 121 a 176 casos confirmados. \u201cActualmente tenemos 176 casos de dengue en Tamaulipas, donde cuatro de ellos son graves &hellip;<\/p>\n","protected":false},"author":1,"featured_media":8364,"comment_status":"open","ping_status":"open","sticky":false,"template":"","format":"standard","meta":{"footnotes":""},"categories":[39],"tags":[],"class_list":["post-8363","post","type-post","status-publish","format-standard","has-post-thumbnail","","category-tamaulipas"],"_links":{"self":[{"href":"https:\/\/www.radiointeractivo.com.mx\/index.php?rest_route=\/wp\/v2\/posts\/8363","targetHints":{"allow":["GET"]}}],"collection":[{"href":"https:\/\/www.radiointeractivo.com.mx\/index.php?rest_route=\/wp\/v2\/posts"}],"about":[{"href":"https:\/\/www.radiointeractivo.com.mx\/index.php?rest_route=\/wp\/v2\/types\/post"}],"author":[{"embeddable":true,"href":"https:\/\/www.radiointeractivo.com.mx\/index.php?rest_route=\/wp\/v2\/users\/1"}],"replies":[{"embeddable":true,"href":"https:\/\/www.radiointeractivo.com.mx\/index.php?rest_route=%2Fwp%2Fv2%2Fcomments&post=8363"}],"version-history":[{"count":1,"href":"https:\/\/www.radiointeractivo.com.mx\/index.php?rest_route=\/wp\/v2\/posts\/8363\/revisions"}],"predecessor-version":[{"id":8366,"href":"https:\/\/www.radiointeractivo.com.mx\/index.php?rest_route=\/wp\/v2\/posts\/8363\/revisions\/8366"}],"wp:featuredmedia":[{"embeddable":true,"href":"https:\/\/www.radiointeractivo.com.mx\/index.php?rest_route=\/wp\/v2\/media\/8364"}],"wp:attachment":[{"href":"https:\/\/www.radiointeractivo.com.mx\/index.php?rest_route=%2Fwp%2Fv2%2Fmedia&parent=8363"}],"wp:term":[{"taxonomy":"category","embeddable":true,"href":"https:\/\/www.radiointeractivo.com.mx\/index.php?rest_route=%2Fwp%2Fv2%2Fcategories&post=8363"},{"taxonomy":"post_tag","embeddable":true,"href":"https:\/\/www.radiointeractivo.com.mx\/index.php?rest_route=%2Fwp%2Fv2%2Ftags&post=8363"}],"curies":[{"name":"wp","href":"https:\/\/api.w.org\/{rel}","templated":true}]}}