{"id":8351,"date":"2024-06-19T12:30:28","date_gmt":"2024-06-19T17:30:28","guid":{"rendered":"https:\/\/www.radiointeractivo.com.mx\/?p=8351"},"modified":"2024-06-19T12:30:29","modified_gmt":"2024-06-19T17:30:29","slug":"se-prepara-tampico-ante-la-llegada-de-alberto","status":"publish","type":"post","link":"https:\/\/www.radiointeractivo.com.mx\/?p=8351","title":{"rendered":"Se prepara Tampico ante la llegada de Alberto"},"content":{"rendered":"\n<figure class=\"wp-block-image size-large\"><img loading=\"lazy\" decoding=\"async\" width=\"1024\" height=\"682\" src=\"https:\/\/www.radiointeractivo.com.mx\/wp-content\/uploads\/2024\/06\/TORMENTA-2-1024x682.jpg\" alt=\"\" class=\"wp-image-8352\" srcset=\"https:\/\/www.radiointeractivo.com.mx\/wp-content\/uploads\/2024\/06\/TORMENTA-2-1024x682.jpg 1024w, https:\/\/www.radiointeractivo.com.mx\/wp-content\/uploads\/2024\/06\/TORMENTA-2-300x200.jpg 300w, https:\/\/www.radiointeractivo.com.mx\/wp-content\/uploads\/2024\/06\/TORMENTA-2-768x512.jpg 768w, https:\/\/www.radiointeractivo.com.mx\/wp-content\/uploads\/2024\/06\/TORMENTA-2-1536x1023.jpg 1536w, https:\/\/www.radiointeractivo.com.mx\/wp-content\/uploads\/2024\/06\/TORMENTA-2-310x205.jpg 310w, https:\/\/www.radiointeractivo.com.mx\/wp-content\/uploads\/2024\/06\/TORMENTA-2.jpg 1600w\" sizes=\"auto, (max-width: 1024px) 100vw, 1024px\" \/><\/figure>\n\n\n\n<p>Por: Agencias<\/p>\n\n\n\n<p>Tampico, Tam.- Ante el pron\u00f3stico del paso de la Tormenta Tropical Alberto en el sur de la entidad, el alcalde de Tampico, Jes\u00fas Nader Nasrallah, anunci\u00f3 la activaci\u00f3n del Consejo Municipal de Protecci\u00f3n Civil; se espera la recuperaci\u00f3n de los casos de captaci\u00f3n de agua.<\/p>\n\n\n\n<p>La implementaci\u00f3n de esta medida busca prevenir y mitigar los posibles efectos adversos de la tormenta en la regi\u00f3n, por lo que dijo est\u00e1n preparados para este evento meteorol\u00f3gico<\/p>\n\n\n\n<p>El alcalde inform\u00f3 que ha instruido a Servicios P\u00fablicos para asegurarse de que los canales est\u00e9n limpios y libres de obstrucciones, permitiendo as\u00ed que el agua fluya sin inconvenientes. Adem\u00e1s, se mantiene una coordinaci\u00f3n estrecha con los municipios vecinos, Ciudad Madero y Altamira, debido a la interconexi\u00f3n de los sistemas de drenaje y canales compartidos entre las ciudades.<\/p>\n\n\n\n<p>Nader Nasrallah se\u00f1al\u00f3 que las colonias m\u00e1s susceptibles a inundaciones sin: Borreguera, Villahermosa, Obrera, Pescadores y Morelos. Tambi\u00e9n anunci\u00f3 la suspensi\u00f3n del Congreso Mexicano del Petr\u00f3leo, que estaba programado para llevarse a cabo este mi\u00e9rcoles a las 18:00 horas.<\/p>\n\n\n\n<p>El alcalde espera que la tormenta traiga consigo abundante agua y vientos moderados, lo cual podr\u00eda beneficiar los cuerpos de agua de la regi\u00f3n, como el R\u00edo Tames\u00ed y el Guayalejo, y llenar el vaso captador de la zona conurbada.<\/p>\n\n\n\n<p>El Consejo Municipal de Protecci\u00f3n Civil ha lanzado un llamado a la ciudadan\u00eda para que tome precauciones al salir a las calles y, de ser posible, evite salir durante el paso de la tormenta. Las autoridades han realizado un recorrido por las zonas que podr\u00edan verse m\u00e1s afectadas y han identificado albergues que se utilizar\u00edan en caso de ser necesario.<\/p>\n\n\n\n<p>El pron\u00f3stico meteorol\u00f3gico indica que la madrugada de este jueves la Tormenta Tropical Alberto podr\u00eda ingresar a costas de Tamaulipas, espec\u00edficamente al municipio de Aldama. No obstante, debido a la gran extensi\u00f3n de su nubosidad, se espera que sus efectos alcancen a todo el territorio tamaulipeco y parte del sur de Veracruz.<\/p>\n\n\n\n<p>El alcalde Jes\u00fas Nader reafirm\u00f3 su compromiso con la seguridad y el bienestar de los ciudadanos, subrayando la importancia de la colaboraci\u00f3n comunitaria y la precauci\u00f3n para minimizar los riesgos asociados con el fen\u00f3meno meteorol\u00f3gico.<\/p>\n","protected":false},"excerpt":{"rendered":"<p>Por: Agencias Tampico, Tam.- Ante el pron\u00f3stico del paso de la Tormenta Tropical Alberto en el sur de la entidad, el alcalde de Tampico, Jes\u00fas Nader Nasrallah, anunci\u00f3 la activaci\u00f3n del Consejo Municipal de Protecci\u00f3n Civil; se espera la recuperaci\u00f3n de los casos de captaci\u00f3n de agua. La implementaci\u00f3n de esta medida busca prevenir y &hellip;<\/p>\n","protected":false},"author":1,"featured_media":8353,"comment_status":"open","ping_status":"open","sticky":false,"template":"","format":"standard","meta":{"footnotes":""},"categories":[39],"tags":[],"class_list":["post-8351","post","type-post","status-publish","format-standard","has-post-thumbnail","","category-tamaulipas"],"_links":{"self":[{"href":"https:\/\/www.radiointeractivo.com.mx\/index.php?rest_route=\/wp\/v2\/posts\/8351","targetHints":{"allow":["GET"]}}],"collection":[{"href":"https:\/\/www.radiointeractivo.com.mx\/index.php?rest_route=\/wp\/v2\/posts"}],"about":[{"href":"https:\/\/www.radiointeractivo.com.mx\/index.php?rest_route=\/wp\/v2\/types\/post"}],"author":[{"embeddable":true,"href":"https:\/\/www.radiointeractivo.com.mx\/index.php?rest_route=\/wp\/v2\/users\/1"}],"replies":[{"embeddable":true,"href":"https:\/\/www.radiointeractivo.com.mx\/index.php?rest_route=%2Fwp%2Fv2%2Fcomments&post=8351"}],"version-history":[{"count":1,"href":"https:\/\/www.radiointeractivo.com.mx\/index.php?rest_route=\/wp\/v2\/posts\/8351\/revisions"}],"predecessor-version":[{"id":8354,"href":"https:\/\/www.radiointeractivo.com.mx\/index.php?rest_route=\/wp\/v2\/posts\/8351\/revisions\/8354"}],"wp:featuredmedia":[{"embeddable":true,"href":"https:\/\/www.radiointeractivo.com.mx\/index.php?rest_route=\/wp\/v2\/media\/8353"}],"wp:attachment":[{"href":"https:\/\/www.radiointeractivo.com.mx\/index.php?rest_route=%2Fwp%2Fv2%2Fmedia&parent=8351"}],"wp:term":[{"taxonomy":"category","embeddable":true,"href":"https:\/\/www.radiointeractivo.com.mx\/index.php?rest_route=%2Fwp%2Fv2%2Fcategories&post=8351"},{"taxonomy":"post_tag","embeddable":true,"href":"https:\/\/www.radiointeractivo.com.mx\/index.php?rest_route=%2Fwp%2Fv2%2Ftags&post=8351"}],"curies":[{"name":"wp","href":"https:\/\/api.w.org\/{rel}","templated":true}]}}