{"id":8348,"date":"2024-06-19T12:03:28","date_gmt":"2024-06-19T17:03:28","guid":{"rendered":"https:\/\/www.radiointeractivo.com.mx\/?p=8348"},"modified":"2024-06-19T12:03:29","modified_gmt":"2024-06-19T17:03:29","slug":"ciclon-apunta-a-la-zona-conurbada-de-tampico","status":"publish","type":"post","link":"https:\/\/www.radiointeractivo.com.mx\/?p=8348","title":{"rendered":"Cicl\u00f3n apunta a la zona conurbada de Tampico"},"content":{"rendered":"\n<figure class=\"wp-block-image size-large\"><img loading=\"lazy\" decoding=\"async\" width=\"1024\" height=\"768\" src=\"https:\/\/www.radiointeractivo.com.mx\/wp-content\/uploads\/2024\/06\/448557063_901677405338285_1494688697565096118_n-1024x768.jpg\" alt=\"\" class=\"wp-image-8349\" srcset=\"https:\/\/www.radiointeractivo.com.mx\/wp-content\/uploads\/2024\/06\/448557063_901677405338285_1494688697565096118_n-1024x768.jpg 1024w, https:\/\/www.radiointeractivo.com.mx\/wp-content\/uploads\/2024\/06\/448557063_901677405338285_1494688697565096118_n-300x225.jpg 300w, https:\/\/www.radiointeractivo.com.mx\/wp-content\/uploads\/2024\/06\/448557063_901677405338285_1494688697565096118_n-768x576.jpg 768w, https:\/\/www.radiointeractivo.com.mx\/wp-content\/uploads\/2024\/06\/448557063_901677405338285_1494688697565096118_n-1536x1152.jpg 1536w, https:\/\/www.radiointeractivo.com.mx\/wp-content\/uploads\/2024\/06\/448557063_901677405338285_1494688697565096118_n.jpg 2048w\" sizes=\"auto, (max-width: 1024px) 100vw, 1024px\" \/><\/figure>\n\n\n\n<p>-Esta ma\u00f1ana las autoridades de protecci\u00f3n civil, seguridad y justicia se reunieron para continuar con el seguimiento del fen\u00f3meno metereol\u00f3gico.<\/p>\n\n\n\n<p>Por: Agencias<\/p>\n\n\n\n<p>El cicl\u00f3n n\u00famero Uno apunta a la zona conurbada de Tampico, inform\u00f3 el gobernador de Tamaulipas, Am\u00e9rico Villarreal Anaya, en un mensaje a trav\u00e9s de sus cuentas de redes sociales.<\/p>\n\n\n\n<p>Esta ma\u00f1ana las autoridades de protecci\u00f3n civil, seguridad y justicia se reunieron para continuar con el seguimiento del cicl\u00f3n n\u00famero Uno desde la mesa de construcci\u00f3n para la paz con informaci\u00f3n del Servicio Meteorol\u00f3gico Nacional.<\/p>\n\n\n\n<p>Las primeras lluvias en el sur de Tamaulipas y el norte de Veracruz se prev\u00e9n para esta tarde de mi\u00e9rcoles 19 de junio, de acuerdo con la informaci\u00f3n de los pron\u00f3sticos. Adem\u00e1s, se pronostica viento con rachas de 70 a 90 kil\u00f3metro por hora en costas de Tamaulipas.<\/p>\n\n\n\n<p>Por ahora, la tormenta tropical dej\u00f3 copiosas lluvias en el sur de M\u00e9xico. Durante m\u00e1s de 12 horas descarg\u00f3 un acumulado de lluvia de 150 a 250 mm en Campeche y Chiapas.<\/p>\n\n\n\n<p>En la reuni\u00f3n participaron los y las alcaldesas de la costa tamaulipeca y mandos de la Secretar\u00eda de Defensa Nacional (Sedena), Guardia Nacional, Estatal, Protecci\u00f3n Civil. Por lo menos hay 2 mil elementos asignados para tareas preventivas y reactivas por el fen\u00f3meno meteorol\u00f3gico.<\/p>\n\n\n\n<p>Villarreal Anaya hizo un llamado a la ciudadan\u00eda para que atienda las indicaciones de las autoridades y evitar desgracias. Reiter\u00f3 que no hay clases en ninguna escuela de cualquier nivel educativo hasta el pr\u00f3ximo lunes.<\/p>\n","protected":false},"excerpt":{"rendered":"<p>-Esta ma\u00f1ana las autoridades de protecci\u00f3n civil, seguridad y justicia se reunieron para continuar con el seguimiento del fen\u00f3meno metereol\u00f3gico. Por: Agencias El cicl\u00f3n n\u00famero Uno apunta a la zona conurbada de Tampico, inform\u00f3 el gobernador de Tamaulipas, Am\u00e9rico Villarreal Anaya, en un mensaje a trav\u00e9s de sus cuentas de redes sociales. Esta ma\u00f1ana las &hellip;<\/p>\n","protected":false},"author":1,"featured_media":8349,"comment_status":"open","ping_status":"open","sticky":false,"template":"","format":"standard","meta":{"footnotes":""},"categories":[39],"tags":[],"class_list":["post-8348","post","type-post","status-publish","format-standard","has-post-thumbnail","","category-tamaulipas"],"_links":{"self":[{"href":"https:\/\/www.radiointeractivo.com.mx\/index.php?rest_route=\/wp\/v2\/posts\/8348","targetHints":{"allow":["GET"]}}],"collection":[{"href":"https:\/\/www.radiointeractivo.com.mx\/index.php?rest_route=\/wp\/v2\/posts"}],"about":[{"href":"https:\/\/www.radiointeractivo.com.mx\/index.php?rest_route=\/wp\/v2\/types\/post"}],"author":[{"embeddable":true,"href":"https:\/\/www.radiointeractivo.com.mx\/index.php?rest_route=\/wp\/v2\/users\/1"}],"replies":[{"embeddable":true,"href":"https:\/\/www.radiointeractivo.com.mx\/index.php?rest_route=%2Fwp%2Fv2%2Fcomments&post=8348"}],"version-history":[{"count":1,"href":"https:\/\/www.radiointeractivo.com.mx\/index.php?rest_route=\/wp\/v2\/posts\/8348\/revisions"}],"predecessor-version":[{"id":8350,"href":"https:\/\/www.radiointeractivo.com.mx\/index.php?rest_route=\/wp\/v2\/posts\/8348\/revisions\/8350"}],"wp:featuredmedia":[{"embeddable":true,"href":"https:\/\/www.radiointeractivo.com.mx\/index.php?rest_route=\/wp\/v2\/media\/8349"}],"wp:attachment":[{"href":"https:\/\/www.radiointeractivo.com.mx\/index.php?rest_route=%2Fwp%2Fv2%2Fmedia&parent=8348"}],"wp:term":[{"taxonomy":"category","embeddable":true,"href":"https:\/\/www.radiointeractivo.com.mx\/index.php?rest_route=%2Fwp%2Fv2%2Fcategories&post=8348"},{"taxonomy":"post_tag","embeddable":true,"href":"https:\/\/www.radiointeractivo.com.mx\/index.php?rest_route=%2Fwp%2Fv2%2Ftags&post=8348"}],"curies":[{"name":"wp","href":"https:\/\/api.w.org\/{rel}","templated":true}]}}