{"id":8317,"date":"2024-06-18T13:24:49","date_gmt":"2024-06-18T18:24:49","guid":{"rendered":"https:\/\/www.radiointeractivo.com.mx\/?p=8317"},"modified":"2024-06-18T13:24:50","modified_gmt":"2024-06-18T18:24:50","slug":"invita-gobierno-municipal-a-bazar-une-rodeo","status":"publish","type":"post","link":"https:\/\/www.radiointeractivo.com.mx\/?p=8317","title":{"rendered":"INVITA GOBIERNO MUNICIPAL A BAZAR UNE \u201cRODEO\u201d"},"content":{"rendered":"\n<figure class=\"wp-block-image size-large\"><img loading=\"lazy\" decoding=\"async\" width=\"1024\" height=\"682\" src=\"https:\/\/www.radiointeractivo.com.mx\/wp-content\/uploads\/2024\/06\/WhatsApp-Image-2024-06-18-at-12.33.17-PM-1024x682.jpeg\" alt=\"\" class=\"wp-image-8318\" srcset=\"https:\/\/www.radiointeractivo.com.mx\/wp-content\/uploads\/2024\/06\/WhatsApp-Image-2024-06-18-at-12.33.17-PM-1024x682.jpeg 1024w, https:\/\/www.radiointeractivo.com.mx\/wp-content\/uploads\/2024\/06\/WhatsApp-Image-2024-06-18-at-12.33.17-PM-300x200.jpeg 300w, https:\/\/www.radiointeractivo.com.mx\/wp-content\/uploads\/2024\/06\/WhatsApp-Image-2024-06-18-at-12.33.17-PM-768x512.jpeg 768w, https:\/\/www.radiointeractivo.com.mx\/wp-content\/uploads\/2024\/06\/WhatsApp-Image-2024-06-18-at-12.33.17-PM-310x205.jpeg 310w, https:\/\/www.radiointeractivo.com.mx\/wp-content\/uploads\/2024\/06\/WhatsApp-Image-2024-06-18-at-12.33.17-PM.jpeg 1280w\" sizes=\"auto, (max-width: 1024px) 100vw, 1024px\" \/><\/figure>\n\n\n\n<p>Por: Staff | #NuevoLaredo #Laredo #NLD #Tamaulipas<\/p>\n\n\n\n<p>El Gobierno Municipal, a trav\u00e9s de la Secretar\u00eda de Bienestar Social, invita a la ciudadan\u00eda a la Edici\u00f3n 34\u00b0 Bazar Une`Rodeo&#8221; que tendr\u00e1 lugar el s\u00e1bado 22 de junio en la Plaza Ignacio Zaragoza, frente a la Catedral, en horario de las 7:00 PM a las 11:00 PM.<\/p>\n\n\n\n<p>Se contar\u00e1 con la presencia de alrededor de 150 expositores locales en cuyos stands se podr\u00e1n encontrar diversos art\u00edculos y accesorios, ropa, joyer\u00eda, calzado. bisuter\u00eda, juguetes, alimentos.<\/p>\n\n\n\n<p>Tambi\u00e9n habr\u00e1 la participaci\u00f3n de grupos musicales, bailables , entre otros n\u00fameros art\u00edsticos.<\/p>\n\n\n\n<p>Este evento tiene como objetivo beneficiar al comercio local, a las peque\u00f1as y medianas empresas y proporcionar al ciudadano oportunidades de desarrollo econ\u00f3mico mediante la exposici\u00f3n de productos propios.<\/p>\n","protected":false},"excerpt":{"rendered":"<p>Por: Staff | #NuevoLaredo #Laredo #NLD #Tamaulipas El Gobierno Municipal, a trav\u00e9s de la Secretar\u00eda de Bienestar Social, invita a la ciudadan\u00eda a la Edici\u00f3n 34\u00b0 Bazar Une`Rodeo&#8221; que tendr\u00e1 lugar el s\u00e1bado 22 de junio en la Plaza Ignacio Zaragoza, frente a la Catedral, en horario de las 7:00 PM a las 11:00 PM. &hellip;<\/p>\n","protected":false},"author":1,"featured_media":8319,"comment_status":"open","ping_status":"open","sticky":false,"template":"","format":"standard","meta":{"footnotes":""},"categories":[38],"tags":[],"class_list":["post-8317","post","type-post","status-publish","format-standard","has-post-thumbnail","","category-nuevo-laredo"],"_links":{"self":[{"href":"https:\/\/www.radiointeractivo.com.mx\/index.php?rest_route=\/wp\/v2\/posts\/8317","targetHints":{"allow":["GET"]}}],"collection":[{"href":"https:\/\/www.radiointeractivo.com.mx\/index.php?rest_route=\/wp\/v2\/posts"}],"about":[{"href":"https:\/\/www.radiointeractivo.com.mx\/index.php?rest_route=\/wp\/v2\/types\/post"}],"author":[{"embeddable":true,"href":"https:\/\/www.radiointeractivo.com.mx\/index.php?rest_route=\/wp\/v2\/users\/1"}],"replies":[{"embeddable":true,"href":"https:\/\/www.radiointeractivo.com.mx\/index.php?rest_route=%2Fwp%2Fv2%2Fcomments&post=8317"}],"version-history":[{"count":1,"href":"https:\/\/www.radiointeractivo.com.mx\/index.php?rest_route=\/wp\/v2\/posts\/8317\/revisions"}],"predecessor-version":[{"id":8320,"href":"https:\/\/www.radiointeractivo.com.mx\/index.php?rest_route=\/wp\/v2\/posts\/8317\/revisions\/8320"}],"wp:featuredmedia":[{"embeddable":true,"href":"https:\/\/www.radiointeractivo.com.mx\/index.php?rest_route=\/wp\/v2\/media\/8319"}],"wp:attachment":[{"href":"https:\/\/www.radiointeractivo.com.mx\/index.php?rest_route=%2Fwp%2Fv2%2Fmedia&parent=8317"}],"wp:term":[{"taxonomy":"category","embeddable":true,"href":"https:\/\/www.radiointeractivo.com.mx\/index.php?rest_route=%2Fwp%2Fv2%2Fcategories&post=8317"},{"taxonomy":"post_tag","embeddable":true,"href":"https:\/\/www.radiointeractivo.com.mx\/index.php?rest_route=%2Fwp%2Fv2%2Ftags&post=8317"}],"curies":[{"name":"wp","href":"https:\/\/api.w.org\/{rel}","templated":true}]}}