{"id":8304,"date":"2024-06-17T15:45:30","date_gmt":"2024-06-17T20:45:30","guid":{"rendered":"https:\/\/www.radiointeractivo.com.mx\/?p=8304"},"modified":"2024-06-17T15:45:48","modified_gmt":"2024-06-17T20:45:48","slug":"llevara-a-cabo-gobierno-municipal-tercera-edicion-de-expo-tu-jardin-y-artesanias","status":"publish","type":"post","link":"https:\/\/www.radiointeractivo.com.mx\/?p=8304","title":{"rendered":"LLEVAR\u00c1 A CABO GOBIERNO MUNICIPAL TERCERA EDICI\u00d3N DE EXPO \u201cTU JARD\u00cdN Y ARTESAN\u00cdAS\u201d"},"content":{"rendered":"\n<figure class=\"wp-block-image size-large\"><img loading=\"lazy\" decoding=\"async\" width=\"1024\" height=\"1024\" src=\"https:\/\/www.radiointeractivo.com.mx\/wp-content\/uploads\/2024\/06\/448104955_436319882513582_5926883107987723403_n-1024x1024.png\" alt=\"\" class=\"wp-image-8305\" srcset=\"https:\/\/www.radiointeractivo.com.mx\/wp-content\/uploads\/2024\/06\/448104955_436319882513582_5926883107987723403_n-1024x1024.png 1024w, https:\/\/www.radiointeractivo.com.mx\/wp-content\/uploads\/2024\/06\/448104955_436319882513582_5926883107987723403_n-300x300.png 300w, https:\/\/www.radiointeractivo.com.mx\/wp-content\/uploads\/2024\/06\/448104955_436319882513582_5926883107987723403_n-150x150.png 150w, https:\/\/www.radiointeractivo.com.mx\/wp-content\/uploads\/2024\/06\/448104955_436319882513582_5926883107987723403_n-768x768.png 768w, https:\/\/www.radiointeractivo.com.mx\/wp-content\/uploads\/2024\/06\/448104955_436319882513582_5926883107987723403_n.png 1080w\" sizes=\"auto, (max-width: 1024px) 100vw, 1024px\" \/><\/figure>\n\n\n\n<p>Por: Staff | #NuevoLaredo #Laredo #NLD #Tamaulipas<\/p>\n\n\n\n<p>En apoyo a los peque\u00f1os y medianos comerciantes, el Gobierno Municipal mediante la Secretar\u00eda de Desarrollo Econ\u00f3mico llevar\u00e1 a cabo la tercera edici\u00f3n de la expo \u201cTu Jard\u00edn y Artesan\u00edas\u201d en la que participar\u00e1n m\u00e1s de 25 viveros y artesanos que ofrecer\u00e1n sus productos a los asistentes.<\/p>\n\n\n\n<p>En este evento, que adem\u00e1s de beneficiar al comercio local, la ciudadan\u00eda podr\u00e1 disfrutar de un ambiente 100% familiar, alimentos y m\u00fasica; ser\u00e1 en la explanada de la independencia el pr\u00f3ximo s\u00e1bado 22 y domingo 23 de junio, ambas fechas con un horario de 9:00 AM a 6:00 PM.<\/p>\n\n\n\n<p>El director municipal de Comercio, Empleo y Pymes, Jaime Mireles de la Cruz, enfatiz\u00f3 que adem\u00e1s de apoyar a los comerciantes, buscan hacer equipo entre empresas y artesanos para arborizar Nuevo Laredo.<\/p>\n\n\n\n<p>\u201cTenemos la instrucci\u00f3n de nuestra presidenta municipal Carmen Lilia Canturosas de abrir los espacios p\u00fablicos a estos eventos, para ayudar al ciudadano en lo que necesite y en este caso es fortalecer su econom\u00eda, apoyar al peque\u00f1o y mediano comerciante, y asu vez que la ciudadan\u00eda encuentre eventos familiares que puedan disfrutar\u201d, recalc\u00f3.<\/p>\n\n\n\n<p>Detall\u00f3 que la ciudadan\u00eda podr\u00e1 encontrar diferentes tipos de plantas, flores, \u00e1rboles y macetas artesanales, entre otros productos.<\/p>\n\n\n\n<p>Tambi\u00e9n mencion\u00f3 que en las primeras dos exposiciones, se tuvo una gran respuesta por parte de los neolaredenses ya que en total, se tuvieron alrededor de 4 mil asistentes entre los eventos.<\/p>\n\n\n\n<p>Por \u00faltimo, destac\u00f3 que los participantes son comercio formal y se busca impulsar el autoempleo, apertura de nuevos negocios y la generaci\u00f3n de empleo.<\/p>\n","protected":false},"excerpt":{"rendered":"<p>Por: Staff | #NuevoLaredo #Laredo #NLD #Tamaulipas En apoyo a los peque\u00f1os y medianos comerciantes, el Gobierno Municipal mediante la Secretar\u00eda de Desarrollo Econ\u00f3mico llevar\u00e1 a cabo la tercera edici\u00f3n de la expo \u201cTu Jard\u00edn y Artesan\u00edas\u201d en la que participar\u00e1n m\u00e1s de 25 viveros y artesanos que ofrecer\u00e1n sus productos a los asistentes. En &hellip;<\/p>\n","protected":false},"author":1,"featured_media":8306,"comment_status":"open","ping_status":"open","sticky":false,"template":"","format":"standard","meta":{"footnotes":""},"categories":[38],"tags":[],"class_list":["post-8304","post","type-post","status-publish","format-standard","has-post-thumbnail","","category-nuevo-laredo"],"_links":{"self":[{"href":"https:\/\/www.radiointeractivo.com.mx\/index.php?rest_route=\/wp\/v2\/posts\/8304","targetHints":{"allow":["GET"]}}],"collection":[{"href":"https:\/\/www.radiointeractivo.com.mx\/index.php?rest_route=\/wp\/v2\/posts"}],"about":[{"href":"https:\/\/www.radiointeractivo.com.mx\/index.php?rest_route=\/wp\/v2\/types\/post"}],"author":[{"embeddable":true,"href":"https:\/\/www.radiointeractivo.com.mx\/index.php?rest_route=\/wp\/v2\/users\/1"}],"replies":[{"embeddable":true,"href":"https:\/\/www.radiointeractivo.com.mx\/index.php?rest_route=%2Fwp%2Fv2%2Fcomments&post=8304"}],"version-history":[{"count":1,"href":"https:\/\/www.radiointeractivo.com.mx\/index.php?rest_route=\/wp\/v2\/posts\/8304\/revisions"}],"predecessor-version":[{"id":8307,"href":"https:\/\/www.radiointeractivo.com.mx\/index.php?rest_route=\/wp\/v2\/posts\/8304\/revisions\/8307"}],"wp:featuredmedia":[{"embeddable":true,"href":"https:\/\/www.radiointeractivo.com.mx\/index.php?rest_route=\/wp\/v2\/media\/8306"}],"wp:attachment":[{"href":"https:\/\/www.radiointeractivo.com.mx\/index.php?rest_route=%2Fwp%2Fv2%2Fmedia&parent=8304"}],"wp:term":[{"taxonomy":"category","embeddable":true,"href":"https:\/\/www.radiointeractivo.com.mx\/index.php?rest_route=%2Fwp%2Fv2%2Fcategories&post=8304"},{"taxonomy":"post_tag","embeddable":true,"href":"https:\/\/www.radiointeractivo.com.mx\/index.php?rest_route=%2Fwp%2Fv2%2Ftags&post=8304"}],"curies":[{"name":"wp","href":"https:\/\/api.w.org\/{rel}","templated":true}]}}