{"id":8297,"date":"2024-06-17T14:38:41","date_gmt":"2024-06-17T19:38:41","guid":{"rendered":"https:\/\/www.radiointeractivo.com.mx\/?p=8297"},"modified":"2024-06-17T14:38:59","modified_gmt":"2024-06-17T19:38:59","slug":"estaran-prepas-municipales-afiliadas-a-la-uat","status":"publish","type":"post","link":"https:\/\/www.radiointeractivo.com.mx\/?p=8297","title":{"rendered":"ESTAR\u00c1N PREPAS MUNICIPALES AFILIADAS A LA UAT"},"content":{"rendered":"\n<figure class=\"wp-block-image size-large\"><img loading=\"lazy\" decoding=\"async\" width=\"1024\" height=\"682\" src=\"https:\/\/www.radiointeractivo.com.mx\/wp-content\/uploads\/2024\/06\/WhatsApp-Image-2024-06-17-at-2.24.59-PM-1024x682.jpeg\" alt=\"\" class=\"wp-image-8298\" srcset=\"https:\/\/www.radiointeractivo.com.mx\/wp-content\/uploads\/2024\/06\/WhatsApp-Image-2024-06-17-at-2.24.59-PM-1024x682.jpeg 1024w, https:\/\/www.radiointeractivo.com.mx\/wp-content\/uploads\/2024\/06\/WhatsApp-Image-2024-06-17-at-2.24.59-PM-300x200.jpeg 300w, https:\/\/www.radiointeractivo.com.mx\/wp-content\/uploads\/2024\/06\/WhatsApp-Image-2024-06-17-at-2.24.59-PM-768x512.jpeg 768w, https:\/\/www.radiointeractivo.com.mx\/wp-content\/uploads\/2024\/06\/WhatsApp-Image-2024-06-17-at-2.24.59-PM-310x205.jpeg 310w, https:\/\/www.radiointeractivo.com.mx\/wp-content\/uploads\/2024\/06\/WhatsApp-Image-2024-06-17-at-2.24.59-PM.jpeg 1280w\" sizes=\"auto, (max-width: 1024px) 100vw, 1024px\" \/><\/figure>\n\n\n\n<p>Por: Staff | #NuevoLaredo #Laredo #NLD #Tamaulipas<\/p>\n\n\n\n<p>Con la finalidad de fortalecer la educaci\u00f3n media superior con programas de la Universidad Aut\u00f3noma de Tamaulipas (UAT), personal docente de las preparatorias municipales ser\u00e1 capacitado para trabajar bajo este esquema y facilitar el ingreso de sus alumnos a planteles universitarios de la M\u00e1xima Casa de Estudios.<\/p>\n\n\n\n<p>Este convenio de trabajo se concretar\u00e1 gracias a las gestiones y a la buena relaci\u00f3n que la Administraci\u00f3n Municipal encabezada por Carmen Lilia Canturosas Villarreal, mantiene con directivos de la UAT.<\/p>\n\n\n\n<p>\u201cTenemos el compromiso de trabajar de la mano con la UAT para que las preparatorias municipales mantengan su grado de excelencia, adem\u00e1s de que a los alumnos se les facilitar\u00e1 su ingreso a facultades de esta Universidad\u201d, se\u00f1al\u00f3 la alcaldesa durante un recorrido por las instalaciones de la nueva preparatoria municipal ubicada por la Ampliaci\u00f3n de la avenida Monterrey.<\/p>\n\n\n\n<p>Por su parte, Rosa Isel Acosta Gonz\u00e1lez, secretaria acad\u00e9mica de la UAT, se dijo agradecida por la oportunidad de trabajar en equipo con el municipio de Nuevo Laredo, pues como M\u00e1xima Casa de Estudios, la UAT requiere seguir creciendo no solamente a nivel superior , sino tambi\u00e9n en media superior.<\/p>\n\n\n\n<p>\u201cVamos a colaborar en capacitaciones para los profesores que van a ingresar a esta preparatoria y que los alumnos tengan esa visi\u00f3n humanista con este enfoque que tiene el modelo de bachillerato general enfocado con acentuaciones en las competencias que requiere un universitario\u201d, dijo la secretaria acad\u00e9mica de la UAT.<\/p>\n\n\n\n<p>La funcionaria universitaria explic\u00f3 que una vez que se cumplan los protocolos, se aprovechar\u00e1n las vacaciones de verano para ofrecer dos capacitaciones a los maestros y a mediados de junio, la UAT y las prepas municipales ya estar\u00edan trabajando en conjunto.<\/p>\n","protected":false},"excerpt":{"rendered":"<p>Por: Staff | #NuevoLaredo #Laredo #NLD #Tamaulipas Con la finalidad de fortalecer la educaci\u00f3n media superior con programas de la Universidad Aut\u00f3noma de Tamaulipas (UAT), personal docente de las preparatorias municipales ser\u00e1 capacitado para trabajar bajo este esquema y facilitar el ingreso de sus alumnos a planteles universitarios de la M\u00e1xima Casa de Estudios. Este &hellip;<\/p>\n","protected":false},"author":1,"featured_media":8299,"comment_status":"open","ping_status":"open","sticky":false,"template":"","format":"standard","meta":{"footnotes":""},"categories":[38],"tags":[],"class_list":["post-8297","post","type-post","status-publish","format-standard","has-post-thumbnail","","category-nuevo-laredo"],"_links":{"self":[{"href":"https:\/\/www.radiointeractivo.com.mx\/index.php?rest_route=\/wp\/v2\/posts\/8297","targetHints":{"allow":["GET"]}}],"collection":[{"href":"https:\/\/www.radiointeractivo.com.mx\/index.php?rest_route=\/wp\/v2\/posts"}],"about":[{"href":"https:\/\/www.radiointeractivo.com.mx\/index.php?rest_route=\/wp\/v2\/types\/post"}],"author":[{"embeddable":true,"href":"https:\/\/www.radiointeractivo.com.mx\/index.php?rest_route=\/wp\/v2\/users\/1"}],"replies":[{"embeddable":true,"href":"https:\/\/www.radiointeractivo.com.mx\/index.php?rest_route=%2Fwp%2Fv2%2Fcomments&post=8297"}],"version-history":[{"count":1,"href":"https:\/\/www.radiointeractivo.com.mx\/index.php?rest_route=\/wp\/v2\/posts\/8297\/revisions"}],"predecessor-version":[{"id":8300,"href":"https:\/\/www.radiointeractivo.com.mx\/index.php?rest_route=\/wp\/v2\/posts\/8297\/revisions\/8300"}],"wp:featuredmedia":[{"embeddable":true,"href":"https:\/\/www.radiointeractivo.com.mx\/index.php?rest_route=\/wp\/v2\/media\/8299"}],"wp:attachment":[{"href":"https:\/\/www.radiointeractivo.com.mx\/index.php?rest_route=%2Fwp%2Fv2%2Fmedia&parent=8297"}],"wp:term":[{"taxonomy":"category","embeddable":true,"href":"https:\/\/www.radiointeractivo.com.mx\/index.php?rest_route=%2Fwp%2Fv2%2Fcategories&post=8297"},{"taxonomy":"post_tag","embeddable":true,"href":"https:\/\/www.radiointeractivo.com.mx\/index.php?rest_route=%2Fwp%2Fv2%2Ftags&post=8297"}],"curies":[{"name":"wp","href":"https:\/\/api.w.org\/{rel}","templated":true}]}}