{"id":8278,"date":"2024-06-16T19:10:59","date_gmt":"2024-06-17T00:10:59","guid":{"rendered":"https:\/\/www.radiointeractivo.com.mx\/?p=8278"},"modified":"2024-06-16T19:11:00","modified_gmt":"2024-06-17T00:11:00","slug":"viven-mas-de-50-mil-ciudadanos-gran-festejo-del-176-aniversario-de-nuevo-laredo","status":"publish","type":"post","link":"https:\/\/www.radiointeractivo.com.mx\/?p=8278","title":{"rendered":"VIVEN M\u00c1S DE 50 MIL CIUDADANOS GRAN FESTEJO DEL 176 ANIVERSARIO DE NUEVO LAREDO"},"content":{"rendered":"\n<figure class=\"wp-block-image size-large\"><img loading=\"lazy\" decoding=\"async\" width=\"1024\" height=\"768\" src=\"https:\/\/www.radiointeractivo.com.mx\/wp-content\/uploads\/2024\/06\/WhatsApp-Image-2024-06-15-at-11.39.12-PM-1-1024x768.jpeg\" alt=\"\" class=\"wp-image-8279\" srcset=\"https:\/\/www.radiointeractivo.com.mx\/wp-content\/uploads\/2024\/06\/WhatsApp-Image-2024-06-15-at-11.39.12-PM-1-1024x768.jpeg 1024w, https:\/\/www.radiointeractivo.com.mx\/wp-content\/uploads\/2024\/06\/WhatsApp-Image-2024-06-15-at-11.39.12-PM-1-300x225.jpeg 300w, https:\/\/www.radiointeractivo.com.mx\/wp-content\/uploads\/2024\/06\/WhatsApp-Image-2024-06-15-at-11.39.12-PM-1-768x576.jpeg 768w, https:\/\/www.radiointeractivo.com.mx\/wp-content\/uploads\/2024\/06\/WhatsApp-Image-2024-06-15-at-11.39.12-PM-1-1536x1152.jpeg 1536w, https:\/\/www.radiointeractivo.com.mx\/wp-content\/uploads\/2024\/06\/WhatsApp-Image-2024-06-15-at-11.39.12-PM-1.jpeg 1600w\" sizes=\"auto, (max-width: 1024px) 100vw, 1024px\" \/><\/figure>\n\n\n\n<p>Por: Staff | #NuevoLaredo #Laredo #NLD #Tamaulipas<\/p>\n\n\n\n<p>Un gran ambiente de fiesta se desbord\u00f3 por toda la avenida Reforma en la que m\u00e1s de 50 mil personas celebraron con orgullo el 176 Aniversario de la Fundaci\u00f3n de Nuevo Laredo con la m\u00fasica en vivo de Los Recoditos y Pesado<\/p>\n\n\n\n<p>En un entorno familiar los asistentes vivieron un festejo que estuvo lleno de sorpresas, y diversi\u00f3n, ah\u00ed la alcaldesa Carmen Lilia Canturosas Villarreal felicit\u00f3 a los ciudadanos por ser parte de un municipio fuerte, resiliente y lleno de oportunidades.<\/p>\n\n\n\n<p>\u201cHoy es un d\u00eda de fiesta, un d\u00eda en el que celebramos el orgullo de haber nacido en esta gran tierra de hombres y mujeres valientes y trabajadores que ponen el coraz\u00f3n en todo lo que hacen, pero tambi\u00e9n, es un d\u00eda en el que honramos a todas aquellas familias que con gallard\u00eda y patriotismo fundaron Nuevo Laredo, una ciudad que nos ha dado todo y a la que juntos hemos llevado al nivel m\u00e1s alto\u201d, se\u00f1al\u00f3 Canturosas Villarreal.<\/p>\n\n\n\n<p>En medio de la algarab\u00eda de las miles de familias que llenaron el lugar, refrend\u00f3 su compromiso de trabajar incansablemente por el progreso y bienestar de cada uno de los que viven en esta frontera.<\/p>\n\n\n\n<p>\u201cCelebremos a nuestra ciudad y lo valioso de su gente siempre solidaria, siempre unida, porque hemos demostrado una vez m\u00e1s que despu\u00e9s de tantas vicisitudes, cuando nos tomamos de la mano, caminamos juntos y ponemos a Nuevo Laredo por encima de todo, somos imparables, estoy convencida que para todos los que estamos aqu\u00ed, de coraz\u00f3n, Nuevo Laredo es primero, Muchas felicidades\u201d, destac\u00f3 la presidenta municipal.<\/p>\n\n\n\n<p>Despu\u00e9s del emotivo mensaje, fue proyectado un video musical en el que se reflej\u00f3 el amor, el esfuerzo y la solidaridad de los neolaredenses para que al terminar el cielo fuera iluminado de colores con fuegos artificiales.<\/p>\n\n\n\n<p>La gastronom\u00eda de decenas de negocios locales tambi\u00e9n fueron parte del festejo con la &#8220;Campechaneada&#8221;, donde las familias disfrutaron de la tradicional carne asada, tacos, mariscos, antojitos, bebidas entre otros platillos t\u00edpicos.<\/p>\n\n\n\n<p>El baile estuvo a cargo de la Banda Los Recoditos que con su tradicional g\u00e9nero musical puso a bailar a todos los presentes desde ni\u00f1os hasta adultos que disfrutaron de sus diferentes canciones.<\/p>\n\n\n\n<p>Mientras que el grupo Pesado fueron los encargados de poner el romanticismo con canciones como \u201cMi Primer Amor\u201d, \u201cMi Promesa\u201d, \u201cGracias Por tu Amor\u201d, as\u00ed como otras que tambi\u00e9n bailaron la ciudadan\u00eda.<\/p>\n\n\n\n<p>Tambi\u00e9n fue instalado el stand &#8220;I love NLD&#8221;, un bazar UNE edici\u00f3n especial con emprendedores locales, concursos, presentaci\u00f3n de grupos locales, mucho baile para todos los presentes.<\/p>\n\n\n\n<p>La alcaldesa estuvo acompa\u00f1ada de su esposo \u00d3scar Mario Hinojosa Ram\u00edrez; Claudette Canturosas, presidenta del Sistema DIF; Cynthia Canturosas, presidenta del Consejo Consultivo de INMUJER; Carlos Canturosas, diputado federal electo; as\u00ed como de s\u00edndicos y regidores.<\/p>\n","protected":false},"excerpt":{"rendered":"<p>Por: Staff | #NuevoLaredo #Laredo #NLD #Tamaulipas Un gran ambiente de fiesta se desbord\u00f3 por toda la avenida Reforma en la que m\u00e1s de 50 mil personas celebraron con orgullo el 176 Aniversario de la Fundaci\u00f3n de Nuevo Laredo con la m\u00fasica en vivo de Los Recoditos y Pesado En un entorno familiar los asistentes &hellip;<\/p>\n","protected":false},"author":1,"featured_media":8280,"comment_status":"open","ping_status":"open","sticky":false,"template":"","format":"standard","meta":{"footnotes":""},"categories":[38],"tags":[],"class_list":["post-8278","post","type-post","status-publish","format-standard","has-post-thumbnail","","category-nuevo-laredo"],"_links":{"self":[{"href":"https:\/\/www.radiointeractivo.com.mx\/index.php?rest_route=\/wp\/v2\/posts\/8278","targetHints":{"allow":["GET"]}}],"collection":[{"href":"https:\/\/www.radiointeractivo.com.mx\/index.php?rest_route=\/wp\/v2\/posts"}],"about":[{"href":"https:\/\/www.radiointeractivo.com.mx\/index.php?rest_route=\/wp\/v2\/types\/post"}],"author":[{"embeddable":true,"href":"https:\/\/www.radiointeractivo.com.mx\/index.php?rest_route=\/wp\/v2\/users\/1"}],"replies":[{"embeddable":true,"href":"https:\/\/www.radiointeractivo.com.mx\/index.php?rest_route=%2Fwp%2Fv2%2Fcomments&post=8278"}],"version-history":[{"count":1,"href":"https:\/\/www.radiointeractivo.com.mx\/index.php?rest_route=\/wp\/v2\/posts\/8278\/revisions"}],"predecessor-version":[{"id":8281,"href":"https:\/\/www.radiointeractivo.com.mx\/index.php?rest_route=\/wp\/v2\/posts\/8278\/revisions\/8281"}],"wp:featuredmedia":[{"embeddable":true,"href":"https:\/\/www.radiointeractivo.com.mx\/index.php?rest_route=\/wp\/v2\/media\/8280"}],"wp:attachment":[{"href":"https:\/\/www.radiointeractivo.com.mx\/index.php?rest_route=%2Fwp%2Fv2%2Fmedia&parent=8278"}],"wp:term":[{"taxonomy":"category","embeddable":true,"href":"https:\/\/www.radiointeractivo.com.mx\/index.php?rest_route=%2Fwp%2Fv2%2Fcategories&post=8278"},{"taxonomy":"post_tag","embeddable":true,"href":"https:\/\/www.radiointeractivo.com.mx\/index.php?rest_route=%2Fwp%2Fv2%2Ftags&post=8278"}],"curies":[{"name":"wp","href":"https:\/\/api.w.org\/{rel}","templated":true}]}}