{"id":8249,"date":"2024-06-14T12:26:34","date_gmt":"2024-06-14T17:26:34","guid":{"rendered":"https:\/\/www.radiointeractivo.com.mx\/?p=8249"},"modified":"2024-06-14T12:26:34","modified_gmt":"2024-06-14T17:26:34","slug":"graduaran-mas-de-400-ciudadanos-de-talleres-de-oficio","status":"publish","type":"post","link":"https:\/\/www.radiointeractivo.com.mx\/?p=8249","title":{"rendered":"GRADUAR\u00c1N M\u00c1S DE 400 CIUDADANOS DE TALLERES DE OFICIO"},"content":{"rendered":"\n<figure class=\"wp-block-image size-large\"><img loading=\"lazy\" decoding=\"async\" width=\"1024\" height=\"682\" src=\"https:\/\/www.radiointeractivo.com.mx\/wp-content\/uploads\/2024\/06\/WhatsApp-Image-2024-06-14-at-12.14.11-PM-1024x682.jpeg\" alt=\"\" class=\"wp-image-8250\" srcset=\"https:\/\/www.radiointeractivo.com.mx\/wp-content\/uploads\/2024\/06\/WhatsApp-Image-2024-06-14-at-12.14.11-PM-1024x682.jpeg 1024w, https:\/\/www.radiointeractivo.com.mx\/wp-content\/uploads\/2024\/06\/WhatsApp-Image-2024-06-14-at-12.14.11-PM-300x200.jpeg 300w, https:\/\/www.radiointeractivo.com.mx\/wp-content\/uploads\/2024\/06\/WhatsApp-Image-2024-06-14-at-12.14.11-PM-768x512.jpeg 768w, https:\/\/www.radiointeractivo.com.mx\/wp-content\/uploads\/2024\/06\/WhatsApp-Image-2024-06-14-at-12.14.11-PM-310x205.jpeg 310w, https:\/\/www.radiointeractivo.com.mx\/wp-content\/uploads\/2024\/06\/WhatsApp-Image-2024-06-14-at-12.14.11-PM.jpeg 1280w\" sizes=\"auto, (max-width: 1024px) 100vw, 1024px\" \/><\/figure>\n\n\n\n<p>Por: Staff | #NuevoLaredo #Laredo #NLD #Tamaulipas<\/p>\n\n\n\n<p>Alrededor de 430 neolaredenses que buscan formar habilidades para el autoempleo son los que acuden a los Talleres de Oficio que brinda el Gobierno Municipal a trav\u00e9s de la Secretar\u00eda de Bienestar Social para que los ciudadanos inicien un emprendimiento.<\/p>\n\n\n\n<p>En total, son 10 diferentes talleres de cocina, panader\u00eda, ingl\u00e9s, estilismo, entre otros, los que la poblaci\u00f3n puede aprender en los Centros Comunitarios o Tamul ubicados en diversas colonias de la ciudad como Villas de San Miguel, El Nogal, Am\u00e9rico Villarreal, entre otras.<\/p>\n\n\n\n<p>La secretaria de Bienestar Social, Liliana Arjona Barocio, inform\u00f3 que en cada clase de los Talleres de Oficio se encuentra un promedio de 20 a 30 alumnos, mismos que aprender\u00e1n habilidades que les ayudar\u00e1 en el autoempleo.<\/p>\n\n\n\n<p>\u201cLos talleres est\u00e1n dando resultados, la ciudadan\u00eda se supera y empieza a generar ingresos extras cuando aplican lo aprendido en la sociedad, hay casos de graduados que ya emprendieron su negocio en giros como est\u00e9tica, panader\u00eda, alimentos, entre otros\u201d, destac\u00f3.<\/p>\n\n\n\n<p>La titular de la dependencia tambi\u00e9n mencion\u00f3 que los talleres iniciaron en febrero y se han mantenido la mayor\u00eda de los que se inscribieron, con un bajo margen de deserci\u00f3n.<\/p>\n\n\n\n<p>En julio terminar\u00e1n los cursos y en cada centro comunitario y tamul, se realizar\u00e1 una ceremonia de graduaci\u00f3n en la que los estudiantes demostrar\u00e1n lo aprendido.<\/p>\n","protected":false},"excerpt":{"rendered":"<p>Por: Staff | #NuevoLaredo #Laredo #NLD #Tamaulipas Alrededor de 430 neolaredenses que buscan formar habilidades para el autoempleo son los que acuden a los Talleres de Oficio que brinda el Gobierno Municipal a trav\u00e9s de la Secretar\u00eda de Bienestar Social para que los ciudadanos inicien un emprendimiento. En total, son 10 diferentes talleres de cocina, &hellip;<\/p>\n","protected":false},"author":1,"featured_media":8251,"comment_status":"open","ping_status":"open","sticky":false,"template":"","format":"standard","meta":{"footnotes":""},"categories":[38],"tags":[],"class_list":["post-8249","post","type-post","status-publish","format-standard","has-post-thumbnail","","category-nuevo-laredo"],"_links":{"self":[{"href":"https:\/\/www.radiointeractivo.com.mx\/index.php?rest_route=\/wp\/v2\/posts\/8249","targetHints":{"allow":["GET"]}}],"collection":[{"href":"https:\/\/www.radiointeractivo.com.mx\/index.php?rest_route=\/wp\/v2\/posts"}],"about":[{"href":"https:\/\/www.radiointeractivo.com.mx\/index.php?rest_route=\/wp\/v2\/types\/post"}],"author":[{"embeddable":true,"href":"https:\/\/www.radiointeractivo.com.mx\/index.php?rest_route=\/wp\/v2\/users\/1"}],"replies":[{"embeddable":true,"href":"https:\/\/www.radiointeractivo.com.mx\/index.php?rest_route=%2Fwp%2Fv2%2Fcomments&post=8249"}],"version-history":[{"count":1,"href":"https:\/\/www.radiointeractivo.com.mx\/index.php?rest_route=\/wp\/v2\/posts\/8249\/revisions"}],"predecessor-version":[{"id":8252,"href":"https:\/\/www.radiointeractivo.com.mx\/index.php?rest_route=\/wp\/v2\/posts\/8249\/revisions\/8252"}],"wp:featuredmedia":[{"embeddable":true,"href":"https:\/\/www.radiointeractivo.com.mx\/index.php?rest_route=\/wp\/v2\/media\/8251"}],"wp:attachment":[{"href":"https:\/\/www.radiointeractivo.com.mx\/index.php?rest_route=%2Fwp%2Fv2%2Fmedia&parent=8249"}],"wp:term":[{"taxonomy":"category","embeddable":true,"href":"https:\/\/www.radiointeractivo.com.mx\/index.php?rest_route=%2Fwp%2Fv2%2Fcategories&post=8249"},{"taxonomy":"post_tag","embeddable":true,"href":"https:\/\/www.radiointeractivo.com.mx\/index.php?rest_route=%2Fwp%2Fv2%2Ftags&post=8249"}],"curies":[{"name":"wp","href":"https:\/\/api.w.org\/{rel}","templated":true}]}}