{"id":8245,"date":"2024-06-14T12:16:40","date_gmt":"2024-06-14T17:16:40","guid":{"rendered":"https:\/\/www.radiointeractivo.com.mx\/?p=8245"},"modified":"2024-06-14T12:16:41","modified_gmt":"2024-06-14T17:16:41","slug":"cerraran-vialidades-por-concierto-de-aniversario","status":"publish","type":"post","link":"https:\/\/www.radiointeractivo.com.mx\/?p=8245","title":{"rendered":"CERRAR\u00c1N VIALIDADES POR CONCIERTO DE ANIVERSARIO"},"content":{"rendered":"\n<figure class=\"wp-block-image size-large\"><img loading=\"lazy\" decoding=\"async\" width=\"1024\" height=\"576\" src=\"https:\/\/www.radiointeractivo.com.mx\/wp-content\/uploads\/2024\/06\/WhatsApp-Image-2024-06-14-at-12.07.22-PM-1024x576.jpeg\" alt=\"\" class=\"wp-image-8246\" srcset=\"https:\/\/www.radiointeractivo.com.mx\/wp-content\/uploads\/2024\/06\/WhatsApp-Image-2024-06-14-at-12.07.22-PM-1024x576.jpeg 1024w, https:\/\/www.radiointeractivo.com.mx\/wp-content\/uploads\/2024\/06\/WhatsApp-Image-2024-06-14-at-12.07.22-PM-300x169.jpeg 300w, https:\/\/www.radiointeractivo.com.mx\/wp-content\/uploads\/2024\/06\/WhatsApp-Image-2024-06-14-at-12.07.22-PM-768x432.jpeg 768w, https:\/\/www.radiointeractivo.com.mx\/wp-content\/uploads\/2024\/06\/WhatsApp-Image-2024-06-14-at-12.07.22-PM-1536x864.jpeg 1536w, https:\/\/www.radiointeractivo.com.mx\/wp-content\/uploads\/2024\/06\/WhatsApp-Image-2024-06-14-at-12.07.22-PM.jpeg 1600w\" sizes=\"auto, (max-width: 1024px) 100vw, 1024px\" \/><\/figure>\n\n\n\n<p>Por: Staff | #NuevoLaredo #NLD #Laredo #Tamaulipas<\/p>\n\n\n\n<p>Con motivo del concierto de aniversario de la ciudad que se realizar\u00e1 en el Monumento a Benito Ju\u00e1rez, con la participaci\u00f3n de los grupos musicales Pesado y Banda los Recoditos, y para el mejor desarrollo de la Campechaneada este s\u00e1bado 15 de junio, la Direcci\u00f3n de Tr\u00e1nsito y Vialidad mantendr\u00e1 varias vialidades cerradas a la circulaci\u00f3n.<\/p>\n\n\n\n<p>A continuaci\u00f3n se hace una relaci\u00f3n de las vialidades cerradas este 15 de junio:<\/p>\n\n\n\n<p>Reforma desde Chihuahua a Paseo Col\u00f3n, cerrada desde las 0:00 horas.<\/p>\n\n\n\n<p>Las siguientes calles ser\u00e1n cerradas a partir de las 10:00 AM del s\u00e1bado:<\/p>\n\n\n\n<p>Campeche: Desde Prolongaci\u00f3n Guerrero a Leandro Valle.<\/p>\n\n\n\n<p>Lerdo De Tejada: Desde Sonora a Paseo Col\u00f3n.<\/p>\n\n\n\n<p>Prol. Guerrero: De Chihuahua a Paseo Col\u00f3n.<\/p>\n\n\n\n<p>Veracruz: De Allende a Reforma.<\/p>\n\n\n\n<p>Baja California: De Allende a Reforma.<\/p>\n\n\n\n<p>Morelos: De Chihuahua a Sonora.<\/p>\n\n\n\n<p>Sonora: Desde Ju\u00e1rez a Guerrero.<\/p>\n\n\n\n<p>Aquiles Serd\u00e1n: De Sonora a Paseo Col\u00f3n.<\/p>\n\n\n\n<p>Ocampo: De Sonora a Paseo Col\u00f3n.<\/p>\n\n\n\n<p>Reynosa: De Sonora a Paseo Col\u00f3n.<\/p>\n\n\n\n<p>Guanajuato: de Allende a Reforma.<\/p>\n\n\n\n<p>Nayarit: De Allende a Reforma.<\/p>\n\n\n\n<p>Oaxaca: De Allende a Reforma.<\/p>\n\n\n\n<p>Se le pide a la ciudadan\u00eda estar atenta para tomar su precauciones y utilizar v\u00edas alternas para su traslado.<\/p>\n","protected":false},"excerpt":{"rendered":"<p>Por: Staff | #NuevoLaredo #NLD #Laredo #Tamaulipas Con motivo del concierto de aniversario de la ciudad que se realizar\u00e1 en el Monumento a Benito Ju\u00e1rez, con la participaci\u00f3n de los grupos musicales Pesado y Banda los Recoditos, y para el mejor desarrollo de la Campechaneada este s\u00e1bado 15 de junio, la Direcci\u00f3n de Tr\u00e1nsito y &hellip;<\/p>\n","protected":false},"author":1,"featured_media":8247,"comment_status":"open","ping_status":"open","sticky":false,"template":"","format":"standard","meta":{"footnotes":""},"categories":[38],"tags":[],"class_list":["post-8245","post","type-post","status-publish","format-standard","has-post-thumbnail","","category-nuevo-laredo"],"_links":{"self":[{"href":"https:\/\/www.radiointeractivo.com.mx\/index.php?rest_route=\/wp\/v2\/posts\/8245","targetHints":{"allow":["GET"]}}],"collection":[{"href":"https:\/\/www.radiointeractivo.com.mx\/index.php?rest_route=\/wp\/v2\/posts"}],"about":[{"href":"https:\/\/www.radiointeractivo.com.mx\/index.php?rest_route=\/wp\/v2\/types\/post"}],"author":[{"embeddable":true,"href":"https:\/\/www.radiointeractivo.com.mx\/index.php?rest_route=\/wp\/v2\/users\/1"}],"replies":[{"embeddable":true,"href":"https:\/\/www.radiointeractivo.com.mx\/index.php?rest_route=%2Fwp%2Fv2%2Fcomments&post=8245"}],"version-history":[{"count":1,"href":"https:\/\/www.radiointeractivo.com.mx\/index.php?rest_route=\/wp\/v2\/posts\/8245\/revisions"}],"predecessor-version":[{"id":8248,"href":"https:\/\/www.radiointeractivo.com.mx\/index.php?rest_route=\/wp\/v2\/posts\/8245\/revisions\/8248"}],"wp:featuredmedia":[{"embeddable":true,"href":"https:\/\/www.radiointeractivo.com.mx\/index.php?rest_route=\/wp\/v2\/media\/8247"}],"wp:attachment":[{"href":"https:\/\/www.radiointeractivo.com.mx\/index.php?rest_route=%2Fwp%2Fv2%2Fmedia&parent=8245"}],"wp:term":[{"taxonomy":"category","embeddable":true,"href":"https:\/\/www.radiointeractivo.com.mx\/index.php?rest_route=%2Fwp%2Fv2%2Fcategories&post=8245"},{"taxonomy":"post_tag","embeddable":true,"href":"https:\/\/www.radiointeractivo.com.mx\/index.php?rest_route=%2Fwp%2Fv2%2Ftags&post=8245"}],"curies":[{"name":"wp","href":"https:\/\/api.w.org\/{rel}","templated":true}]}}