{"id":8157,"date":"2024-06-11T15:24:38","date_gmt":"2024-06-11T20:24:38","guid":{"rendered":"https:\/\/www.radiointeractivo.com.mx\/?p=8157"},"modified":"2024-06-11T15:24:39","modified_gmt":"2024-06-11T20:24:39","slug":"capacita-centro-de-conciliacion-laboral-de-tamaulipas-a-52-servidores-publico","status":"publish","type":"post","link":"https:\/\/www.radiointeractivo.com.mx\/?p=8157","title":{"rendered":"Capacita Centro de Conciliaci\u00f3n Laboral de Tamaulipas a 52 servidores p\u00fablico"},"content":{"rendered":"\n<figure class=\"wp-block-image size-large\"><img loading=\"lazy\" decoding=\"async\" width=\"1024\" height=\"576\" src=\"https:\/\/www.radiointeractivo.com.mx\/wp-content\/uploads\/2024\/06\/WhatsApp-Image-2024-06-11-at-12.23.23-PM-1024x576.jpeg\" alt=\"\" class=\"wp-image-8158\" srcset=\"https:\/\/www.radiointeractivo.com.mx\/wp-content\/uploads\/2024\/06\/WhatsApp-Image-2024-06-11-at-12.23.23-PM-1024x576.jpeg 1024w, https:\/\/www.radiointeractivo.com.mx\/wp-content\/uploads\/2024\/06\/WhatsApp-Image-2024-06-11-at-12.23.23-PM-300x169.jpeg 300w, https:\/\/www.radiointeractivo.com.mx\/wp-content\/uploads\/2024\/06\/WhatsApp-Image-2024-06-11-at-12.23.23-PM-768x432.jpeg 768w, https:\/\/www.radiointeractivo.com.mx\/wp-content\/uploads\/2024\/06\/WhatsApp-Image-2024-06-11-at-12.23.23-PM.jpeg 1280w\" sizes=\"auto, (max-width: 1024px) 100vw, 1024px\" \/><\/figure>\n\n\n\n<p>-La capacitaci\u00f3n continua, pilar fundamental en el CCL<\/p>\n\n\n\n<p>Por: Agencias<\/p>\n\n\n\n<p>Ciudad Victoria, Tamaulipas.- Un total de 52 servidores p\u00fablicos adscritos al Centro de Conciliaci\u00f3n Laboral de Tamaulipas iniciaron la segunda edici\u00f3n del Diplomado en Mediaci\u00f3n y Conciliaci\u00f3n Laboral por parte del Centro de Conciliaci\u00f3n, cumpliendo con la agenda de capacitaci\u00f3n continua para brindar un mejor servicio a las y los tamaulipecos.<\/p>\n\n\n\n<p>Al respecto, el director general del Centro de Conciliaci\u00f3n, Jos\u00e9 Ives Sober\u00f3n Mej\u00eda, se\u00f1al\u00f3: &#8220;Los valores humanistas del gobierno encabezado por el doctor Am\u00e9rico Villarreal Anaya convocan a todas las instituciones a mantener una capacitaci\u00f3n permanente de sus colaboradores para brindar los mejores servicios, que se traduzcan en bienestar para la ciudadan\u00eda en todo el estado&#8221;.<\/p>\n\n\n\n<p>El diplomado en Mediaci\u00f3n y Conciliaci\u00f3n Laboral tiene una duraci\u00f3n de 120 horas te\u00f3rico-pr\u00e1cticas, donde los participantes aprender\u00e1n sobre diferentes mecanismos alternativos de soluci\u00f3n de controversias y desarrollar\u00e1n habilidades de comunicaci\u00f3n y conocimientos en materia laboral, con lo que perfeccionar\u00e1n el desempe\u00f1o de sus actividades cotidianas.<\/p>\n\n\n\n<p>Jos\u00e9 Ives Sober\u00f3n Mej\u00eda, director de este organismo y quien adem\u00e1s imparte el primer m\u00f3dulo de este diplomado, asegur\u00f3 que se est\u00e1 capacitando a 52 participantes de las seis sedes en el estado, que se encuentran en Tampico, Ciudad Mante, Ciudad Victoria, Reynosa, Matamoros y Nuevo Laredo, con el tema &#8220;Introducci\u00f3n a los mecanismos alternativos de soluci\u00f3n de controversias&#8221;.<\/p>\n","protected":false},"excerpt":{"rendered":"<p>-La capacitaci\u00f3n continua, pilar fundamental en el CCL Por: Agencias Ciudad Victoria, Tamaulipas.- Un total de 52 servidores p\u00fablicos adscritos al Centro de Conciliaci\u00f3n Laboral de Tamaulipas iniciaron la segunda edici\u00f3n del Diplomado en Mediaci\u00f3n y Conciliaci\u00f3n Laboral por parte del Centro de Conciliaci\u00f3n, cumpliendo con la agenda de capacitaci\u00f3n continua para brindar un mejor &hellip;<\/p>\n","protected":false},"author":1,"featured_media":8158,"comment_status":"open","ping_status":"open","sticky":false,"template":"","format":"standard","meta":{"footnotes":""},"categories":[39],"tags":[],"class_list":["post-8157","post","type-post","status-publish","format-standard","has-post-thumbnail","","category-tamaulipas"],"_links":{"self":[{"href":"https:\/\/www.radiointeractivo.com.mx\/index.php?rest_route=\/wp\/v2\/posts\/8157","targetHints":{"allow":["GET"]}}],"collection":[{"href":"https:\/\/www.radiointeractivo.com.mx\/index.php?rest_route=\/wp\/v2\/posts"}],"about":[{"href":"https:\/\/www.radiointeractivo.com.mx\/index.php?rest_route=\/wp\/v2\/types\/post"}],"author":[{"embeddable":true,"href":"https:\/\/www.radiointeractivo.com.mx\/index.php?rest_route=\/wp\/v2\/users\/1"}],"replies":[{"embeddable":true,"href":"https:\/\/www.radiointeractivo.com.mx\/index.php?rest_route=%2Fwp%2Fv2%2Fcomments&post=8157"}],"version-history":[{"count":1,"href":"https:\/\/www.radiointeractivo.com.mx\/index.php?rest_route=\/wp\/v2\/posts\/8157\/revisions"}],"predecessor-version":[{"id":8159,"href":"https:\/\/www.radiointeractivo.com.mx\/index.php?rest_route=\/wp\/v2\/posts\/8157\/revisions\/8159"}],"wp:featuredmedia":[{"embeddable":true,"href":"https:\/\/www.radiointeractivo.com.mx\/index.php?rest_route=\/wp\/v2\/media\/8158"}],"wp:attachment":[{"href":"https:\/\/www.radiointeractivo.com.mx\/index.php?rest_route=%2Fwp%2Fv2%2Fmedia&parent=8157"}],"wp:term":[{"taxonomy":"category","embeddable":true,"href":"https:\/\/www.radiointeractivo.com.mx\/index.php?rest_route=%2Fwp%2Fv2%2Fcategories&post=8157"},{"taxonomy":"post_tag","embeddable":true,"href":"https:\/\/www.radiointeractivo.com.mx\/index.php?rest_route=%2Fwp%2Fv2%2Ftags&post=8157"}],"curies":[{"name":"wp","href":"https:\/\/api.w.org\/{rel}","templated":true}]}}