{"id":8141,"date":"2024-06-11T13:10:47","date_gmt":"2024-06-11T18:10:47","guid":{"rendered":"https:\/\/www.radiointeractivo.com.mx\/?p=8141"},"modified":"2024-06-11T13:10:48","modified_gmt":"2024-06-11T18:10:48","slug":"retomara-veolia-rutas-habituales-por-la-ciudad","status":"publish","type":"post","link":"https:\/\/www.radiointeractivo.com.mx\/?p=8141","title":{"rendered":"RETOMAR\u00c1 VEOLIA RUTAS HABITUALES POR LA CIUDAD"},"content":{"rendered":"\n<figure class=\"wp-block-image size-large\"><img loading=\"lazy\" decoding=\"async\" width=\"1024\" height=\"682\" src=\"https:\/\/www.radiointeractivo.com.mx\/wp-content\/uploads\/2024\/06\/WhatsApp-Image-2024-06-11-at-12.41.10-PM-1024x682.jpeg\" alt=\"\" class=\"wp-image-8142\" srcset=\"https:\/\/www.radiointeractivo.com.mx\/wp-content\/uploads\/2024\/06\/WhatsApp-Image-2024-06-11-at-12.41.10-PM-1024x682.jpeg 1024w, https:\/\/www.radiointeractivo.com.mx\/wp-content\/uploads\/2024\/06\/WhatsApp-Image-2024-06-11-at-12.41.10-PM-300x200.jpeg 300w, https:\/\/www.radiointeractivo.com.mx\/wp-content\/uploads\/2024\/06\/WhatsApp-Image-2024-06-11-at-12.41.10-PM-768x512.jpeg 768w, https:\/\/www.radiointeractivo.com.mx\/wp-content\/uploads\/2024\/06\/WhatsApp-Image-2024-06-11-at-12.41.10-PM-310x205.jpeg 310w, https:\/\/www.radiointeractivo.com.mx\/wp-content\/uploads\/2024\/06\/WhatsApp-Image-2024-06-11-at-12.41.10-PM.jpeg 1280w\" sizes=\"auto, (max-width: 1024px) 100vw, 1024px\" \/><\/figure>\n\n\n\n<p>Por: Staff | #NuevoLaredo #Laredo #NLD #Tamaulipas<\/p>\n\n\n\n<p>A partir de esta semana los camiones recolectores de basura de la empresa Veolia retomar\u00e1n las rutas que realizan habitualmente por la ciudad, as\u00ed lo dio a conocer la secretar\u00eda de Servicios P\u00fablicos Primarios.<\/p>\n\n\n\n<p>Even Arredondo Bravo, titular de la secretar\u00eda inform\u00f3 que por los da\u00f1os que hubo por la tormenta de hace d\u00edas, se llevaron a cabo diversos trabajos en conjunto con Veolia para el levantamiento de \u00e1rboles y basura que dej\u00f3 este fen\u00f3meno natural.<\/p>\n\n\n\n<p>\u201cSe gener\u00f3 mucha basura, muchas ramas, por eso instamos a Veolia a que diera atenci\u00f3n lo m\u00e1s pronto posible a este tipo de situaciones, principalmente para evitar obstrucci\u00f3n de las vialidades, pero desde estos d\u00edas las rutas que tienen estar\u00e1n al 100 por ciento\u201d, dijo Arredondo Bravo.<\/p>\n\n\n\n<p>El funcionario municipal dio a conocer que la tormenta trajo consigo bastante viento que derribaron varios \u00e1rboles y otros se tuvieron que podar al ser un riesgo para la ciudadan\u00eda por lo que las cuadrillas se enfocaron a estas labores.<\/p>\n\n\n\n<p>Por \u00faltimo el secretario municipal invit\u00f3 a la poblaci\u00f3n que tiene alg\u00fan reporte en espec\u00edfico realizarlo a trav\u00e9s del 072 o 072.mx en el CIGA para darle seguimiento y una pronta respuesta.<\/p>\n","protected":false},"excerpt":{"rendered":"<p>Por: Staff | #NuevoLaredo #Laredo #NLD #Tamaulipas A partir de esta semana los camiones recolectores de basura de la empresa Veolia retomar\u00e1n las rutas que realizan habitualmente por la ciudad, as\u00ed lo dio a conocer la secretar\u00eda de Servicios P\u00fablicos Primarios. Even Arredondo Bravo, titular de la secretar\u00eda inform\u00f3 que por los da\u00f1os que hubo &hellip;<\/p>\n","protected":false},"author":1,"featured_media":8142,"comment_status":"open","ping_status":"open","sticky":false,"template":"","format":"standard","meta":{"footnotes":""},"categories":[38],"tags":[],"class_list":["post-8141","post","type-post","status-publish","format-standard","has-post-thumbnail","","category-nuevo-laredo"],"_links":{"self":[{"href":"https:\/\/www.radiointeractivo.com.mx\/index.php?rest_route=\/wp\/v2\/posts\/8141","targetHints":{"allow":["GET"]}}],"collection":[{"href":"https:\/\/www.radiointeractivo.com.mx\/index.php?rest_route=\/wp\/v2\/posts"}],"about":[{"href":"https:\/\/www.radiointeractivo.com.mx\/index.php?rest_route=\/wp\/v2\/types\/post"}],"author":[{"embeddable":true,"href":"https:\/\/www.radiointeractivo.com.mx\/index.php?rest_route=\/wp\/v2\/users\/1"}],"replies":[{"embeddable":true,"href":"https:\/\/www.radiointeractivo.com.mx\/index.php?rest_route=%2Fwp%2Fv2%2Fcomments&post=8141"}],"version-history":[{"count":1,"href":"https:\/\/www.radiointeractivo.com.mx\/index.php?rest_route=\/wp\/v2\/posts\/8141\/revisions"}],"predecessor-version":[{"id":8143,"href":"https:\/\/www.radiointeractivo.com.mx\/index.php?rest_route=\/wp\/v2\/posts\/8141\/revisions\/8143"}],"wp:featuredmedia":[{"embeddable":true,"href":"https:\/\/www.radiointeractivo.com.mx\/index.php?rest_route=\/wp\/v2\/media\/8142"}],"wp:attachment":[{"href":"https:\/\/www.radiointeractivo.com.mx\/index.php?rest_route=%2Fwp%2Fv2%2Fmedia&parent=8141"}],"wp:term":[{"taxonomy":"category","embeddable":true,"href":"https:\/\/www.radiointeractivo.com.mx\/index.php?rest_route=%2Fwp%2Fv2%2Fcategories&post=8141"},{"taxonomy":"post_tag","embeddable":true,"href":"https:\/\/www.radiointeractivo.com.mx\/index.php?rest_route=%2Fwp%2Fv2%2Ftags&post=8141"}],"curies":[{"name":"wp","href":"https:\/\/api.w.org\/{rel}","templated":true}]}}